{"id":9681,"date":"2012-04-01T18:13:00","date_gmt":"2012-04-01T18:13:00","guid":{"rendered":"https:\/\/ooooiykyk.com\/audiarchives\/?p=9681"},"modified":"2026-09-01T18:58:22","modified_gmt":"2026-09-01T18:58:22","slug":"audi-front-uw-jaray-replica-2012","status":"publish","type":"post","link":"https:\/\/ooooiykyk.com\/audiarchives\/2012\/04\/01\/audi-front-uw-jaray-replica-2012\/","title":{"rendered":"Audi Front UW Jaray Replica (2012)"},"content":{"rendered":"\n<p class=\"wp-block-paragraph\"><strong>Model:<\/strong>&nbsp;Audi Front UW Jaray Replica<br><strong>Year:<\/strong>&nbsp;<a href=\"https:\/\/ooooiykyk.com\/audiarchives\/tag\/2012\/\">2012<\/a><br><strong>Date:<\/strong>&nbsp;April 1, 2012<br><strong>Type:<\/strong>&nbsp;Historical reconstruction \/ promotional vehicle<br><strong>Original Vehicle:<\/strong>&nbsp;Audi <a href=\"https:\/\/ooooiykyk.com\/audiarchives\/tag\/front-uw-jaray\/\">Front UW Jaray<\/a> \u2013 1934<br><strong>Base Vehicle:<\/strong> Audi <a href=\"https:\/\/ooooiykyk.com\/audiarchives\/tag\/front-uw\/\">Front UW<\/a><br><strong>Design:<\/strong>&nbsp;Based on <a href=\"https:\/\/ooooiykyk.com\/audiarchives\/tag\/paul-jaray\/\">Paul Jaray<\/a>&#8216;s original streamlined body<br><strong>Created For:<\/strong>&nbsp;<a href=\"https:\/\/ooooiykyk.com\/audiarchives\/tag\/audi-uk\/\">Audi UK<\/a><br><strong>Purpose:<\/strong>&nbsp;Audi A5 advertising campaign<br><strong>Advertising Campaign:<\/strong>&nbsp;<a href=\"https:\/\/ooooiykyk.com\/audiarchives\/tag\/the-swan\/\">The Swan<\/a><br><strong>Agency:<\/strong>&nbsp;<a href=\"https:\/\/ooooiykyk.com\/audiarchives\/tag\/bbh-london\/\">BBH London<\/a><br><strong>Production Company:<\/strong>&nbsp;Park Pictures<br><strong>Director:<\/strong>&nbsp;Joachim Back<br><strong>Registration:<\/strong>&nbsp;LU 3956, replicating the original car<br><strong>Color:<\/strong>&nbsp;Grey<br><strong>Status:<\/strong>&nbsp;Extant<br><strong>Current\/Recent Collection:<\/strong>&nbsp;<a href=\"https:\/\/ooooiykyk.com\/audiarchives\/tag\/august-horch-museum\/\">August Horch Museum<\/a>, Zwickau, Germany<\/p>\n\n\n\n<h2 class=\"wp-block-heading\">BACKGROUND<\/h2>\n\n\n\n<p class=\"wp-block-paragraph\">In 2012, a reconstruction of the 1934 Audi Front UW Jaray was created for Audi UK in connection with an advertising campaign for the updated Audi A5.<\/p>\n\n\n\n<p class=\"wp-block-paragraph\">The original <a href=\"https:\/\/ooooiykyk.com\/audiarchives\/1934\/03\/16\/audi-front-uw-jaray-stromlinienwagen-1934\/\">1934 Front UW Jaray Stromlinienwagen<\/a> concept had been created around an Audi Front chassis acquired by Paul Jaray&#8217;s AG f\u00fcr Verkehrspatente at the end of 1933. Jaray designed a radically streamlined two-seat body that was constructed by Huber &amp; Br\u00fchwiler of Lucerne and introduced at the Geneva Motor Show on March 16, 1934.<\/p>\n\n\n\n<p class=\"wp-block-paragraph\">The original car remained in use for many years, eventually becoming Jaray&#8217;s personal automobile in 1939. <a href=\"https:\/\/ooooiykyk.com\/audiarchives\/1939\/01\/01\/audi-front-uw-jaray-personal-car-circa-1939\/\">During this second phase of its existence, the Audi Front UW Jaray<\/a> was repeatedly modified and repainted before being destroyed following a carburetor fire, reportedly during the 1950s.<\/p>\n\n\n\n<p class=\"wp-block-paragraph\">With the original no longer extant, the 2012 reconstruction recreated the distinctive Jaray design for a very different purpose: connecting Audi&#8217;s early aerodynamic history with the contemporary Audi A5.<\/p>\n\n\n\n<figure class=\"wp-block-image size-full\"><img decoding=\"async\" width=\"2000\" height=\"1250\" src=\"https:\/\/ooooiykyk.com\/audiarchives\/wp-content\/uploads\/sites\/2\/2012\/04\/2012-Audi-Type-UW-Front-Jaray-Stomlinien-Wagen-1449.jpg\" alt=\"\" class=\"wp-image-9686\" srcset=\"https:\/\/ooooiykyk.com\/audiarchives\/wp-content\/uploads\/sites\/2\/2012\/04\/2012-Audi-Type-UW-Front-Jaray-Stomlinien-Wagen-1449.jpg 2000w, https:\/\/ooooiykyk.com\/audiarchives\/wp-content\/uploads\/sites\/2\/2012\/04\/2012-Audi-Type-UW-Front-Jaray-Stomlinien-Wagen-1449-300x188.jpg 300w, https:\/\/ooooiykyk.com\/audiarchives\/wp-content\/uploads\/sites\/2\/2012\/04\/2012-Audi-Type-UW-Front-Jaray-Stomlinien-Wagen-1449-1024x640.jpg 1024w, https:\/\/ooooiykyk.com\/audiarchives\/wp-content\/uploads\/sites\/2\/2012\/04\/2012-Audi-Type-UW-Front-Jaray-Stomlinien-Wagen-1449-768x480.jpg 768w, https:\/\/ooooiykyk.com\/audiarchives\/wp-content\/uploads\/sites\/2\/2012\/04\/2012-Audi-Type-UW-Front-Jaray-Stomlinien-Wagen-1449-1536x960.jpg 1536w, https:\/\/ooooiykyk.com\/audiarchives\/wp-content\/uploads\/sites\/2\/2012\/04\/2012-Audi-Type-UW-Front-Jaray-Stomlinien-Wagen-1449-770x481.jpg 770w, https:\/\/ooooiykyk.com\/audiarchives\/wp-content\/uploads\/sites\/2\/2012\/04\/2012-Audi-Type-UW-Front-Jaray-Stomlinien-Wagen-1449-1400x875.jpg 1400w\" sizes=\"(max-width: 2000px) 100vw, 2000px\" \/><\/figure>\n\n\n\n<p class=\"wp-block-paragraph\"><\/p>\n\n\n\n<h2 class=\"wp-block-heading\">AUDI UK RECONSTRUCTION<\/h2>\n\n\n\n<p class=\"wp-block-paragraph\">The 2012 Front UW Jaray differs in provenance from several of Audi&#8217;s better-known historical reconstruction projects.<\/p>\n\n\n\n<p class=\"wp-block-paragraph\">Audi Tradition has undertaken or supported carefully researched recreations of lost vehicles from Audi and Auto Union history, including Auto Union racing cars reconstructed with specialists such as Crosthwaite &amp; Gardiner. Available evidence instead associates the Front UW Jaray reconstruction specifically with Audi UK and its 2012 A5 advertising campaign.<\/p>\n\n\n\n<p class=\"wp-block-paragraph\">The August Horch Museum subsequently identified the vehicle as a reconstruction produced by Audi United Kingdom in 2012. Contemporary photographs taken at the NEC Classic Motor Show in Birmingham in November of that year similarly describe the car as a replica built for Audi&#8217;s then-recent A5 television advertising.<\/p>\n\n\n\n<p class=\"wp-block-paragraph\">No documentation presently identified establishes the workshop or company responsible for physically constructing the replica. Likewise, the degree of involvement, if any, by Audi Tradition in researching or specifying the reconstruction has not been established.<\/p>\n\n\n\n<p class=\"wp-block-paragraph\">That distinction is potentially significant when evaluating the car as a historical reconstruction. Its original purpose was advertising rather than museum interpretation or the reconstruction of a lost Audi specifically for a historical collection.<\/p>\n\n\n\n<figure class=\"wp-block-image size-full\"><img decoding=\"async\" width=\"2000\" height=\"1250\" src=\"https:\/\/ooooiykyk.com\/audiarchives\/wp-content\/uploads\/sites\/2\/2012\/04\/2012-Audi-Type-UW-Front-Jaray-Stomlinien-Wagen-1448.jpg\" alt=\"\" class=\"wp-image-9684\" srcset=\"https:\/\/ooooiykyk.com\/audiarchives\/wp-content\/uploads\/sites\/2\/2012\/04\/2012-Audi-Type-UW-Front-Jaray-Stomlinien-Wagen-1448.jpg 2000w, https:\/\/ooooiykyk.com\/audiarchives\/wp-content\/uploads\/sites\/2\/2012\/04\/2012-Audi-Type-UW-Front-Jaray-Stomlinien-Wagen-1448-300x188.jpg 300w, https:\/\/ooooiykyk.com\/audiarchives\/wp-content\/uploads\/sites\/2\/2012\/04\/2012-Audi-Type-UW-Front-Jaray-Stomlinien-Wagen-1448-1024x640.jpg 1024w, https:\/\/ooooiykyk.com\/audiarchives\/wp-content\/uploads\/sites\/2\/2012\/04\/2012-Audi-Type-UW-Front-Jaray-Stomlinien-Wagen-1448-768x480.jpg 768w, https:\/\/ooooiykyk.com\/audiarchives\/wp-content\/uploads\/sites\/2\/2012\/04\/2012-Audi-Type-UW-Front-Jaray-Stomlinien-Wagen-1448-1536x960.jpg 1536w, https:\/\/ooooiykyk.com\/audiarchives\/wp-content\/uploads\/sites\/2\/2012\/04\/2012-Audi-Type-UW-Front-Jaray-Stomlinien-Wagen-1448-770x481.jpg 770w, https:\/\/ooooiykyk.com\/audiarchives\/wp-content\/uploads\/sites\/2\/2012\/04\/2012-Audi-Type-UW-Front-Jaray-Stomlinien-Wagen-1448-1400x875.jpg 1400w\" sizes=\"(max-width: 2000px) 100vw, 2000px\" \/><\/figure>\n\n\n\n<p class=\"wp-block-paragraph\"><\/p>\n\n\n\n<h2 class=\"wp-block-heading\">DESIGN<\/h2>\n\n\n\n<p class=\"wp-block-paragraph\">The reconstruction captures the essential architecture of Jaray&#8217;s <a href=\"https:\/\/ooooiykyk.com\/audiarchives\/1934\/03\/16\/audi-front-uw-jaray-stromlinienwagen-1934\/\">1934 Front UW<\/a>: a broad lower body incorporating the wheels, narrow passenger compartment, curved windshield, tapering rear body and prominent vertical tail fin.<\/p>\n\n\n\n<p class=\"wp-block-paragraph\">It is finished in grey and carries the&nbsp;LU 3956&nbsp;registration associated with the original automobile.<\/p>\n\n\n\n<p class=\"wp-block-paragraph\">Its detailing, however, is unusually restrained. The body has smooth uninterrupted sides, simple full wheel covers and a clean rectangular radiator opening. It lacks the prominent bright side molding and exposed radiator-cap treatment visible in photographs of the original during later stages of its life when it <a href=\"https:\/\/ooooiykyk.com\/audiarchives\/1939\/01\/01\/audi-front-uw-jaray-personal-car-circa-1939\/\">shifted to become Paul Jaray&#8217;s personal car from 1939<\/a>.<\/p>\n\n\n\n<p class=\"wp-block-paragraph\">This gives the reconstruction an exceptionally pure appearance that emphasizes the aerodynamic geometry of Jaray&#8217;s design.<\/p>\n\n\n\n<p class=\"wp-block-paragraph\">Period photographs establish that the original Front UW changed considerably during its working life. Images show different paint treatments, wheel covers and exterior details, while historical accounts state that the vehicle was repeatedly modified and repainted.<\/p>\n\n\n\n<p class=\"wp-block-paragraph\">Period images also show the original with both more conventional chrome hubcaps and smooth full wheel covers. The latter treatment is consistent with the aerodynamic intent of the vehicle and appears frequently in later illustrations and representations.<\/p>\n\n\n\n<p class=\"wp-block-paragraph\">No period photograph presently identified, however, shows the original Front UW in precisely the combination of details represented by the 2012 reconstruction.<\/p>\n\n\n\n<p class=\"wp-block-paragraph\">The replica should therefore not necessarily be interpreted as a recreation of one specifically documented historical configuration. It may instead represent a particularly clean interpretation assembled from historically documented elements of the original Front UW.<\/p>\n\n\n\n<p class=\"wp-block-paragraph\">Whether that appearance was based on archival evidence that has not been publicly documented or reflected aesthetic decisions made for the advertising campaign remains unknown.<\/p>\n\n\n\n<figure class=\"wp-block-embed is-type-video is-provider-youtube wp-block-embed-youtube wp-embed-aspect-16-9 wp-has-aspect-ratio\"><div class=\"wp-block-embed__wrapper\">\n<iframe title=\"New Audi A5 TV advertisement\" width=\"1170\" height=\"658\" src=\"https:\/\/www.youtube.com\/embed\/PMkFEpq9Yn8?feature=oembed\" frameborder=\"0\" allow=\"accelerometer; autoplay; clipboard-write; encrypted-media; gyroscope; picture-in-picture; web-share\" referrerpolicy=\"strict-origin-when-cross-origin\" allowfullscreen><\/iframe>\n<\/div><\/figure>\n\n\n\n<p class=\"wp-block-paragraph\"><\/p>\n\n\n\n<h2 class=\"wp-block-heading\">THE SWAN<\/h2>\n\n\n\n<p class=\"wp-block-paragraph\">The Front UW Jaray reconstruction was created for Audi UK&#8217;s <a href=\"https:\/\/ooooiykyk.com\/audiarchives\/tag\/the-swan\/\">2012 advertising campaign for the updated Audi A5<\/a>.<\/p>\n\n\n\n<p class=\"wp-block-paragraph\">The resulting television commercial, titled&nbsp;<em>The Swan<\/em>, debuted in the United Kingdom on&nbsp;April 1, 2012, during a commercial break in ITV&#8217;s&nbsp;<em>Titanic<\/em>.<\/p>\n\n\n\n<p class=\"wp-block-paragraph\">Created by BBH London and directed by Joachim Back through Park Pictures,&nbsp;<em>The Swan<\/em>&nbsp;used the streamlined Jaray Audi as the central element of a visual interpretation of Hans Christian Andersen&#8217;s&nbsp;<em>The Ugly Duckling<\/em>.<\/p>\n\n\n\n<p class=\"wp-block-paragraph\">Presented in a deliberately historical setting, the unusual streamlined Audi encounters ridicule and disapproval from the people around it. Its unconventional shape appears awkward and alien among the more familiar automobiles of the period.<\/p>\n\n\n\n<p class=\"wp-block-paragraph\">The story ultimately connects the experimental streamlined Audi with the contemporary Audi A5, presenting the modern car as the refined descendant of Audi&#8217;s early experimentation with aerodynamic form.<\/p>\n\n\n\n<p class=\"wp-block-paragraph\">The campaign summarized that connection with the message:<\/p>\n\n\n\n<p class=\"wp-block-paragraph\">\u201cWe&#8217;ve come a long way since our first streamlined Audi.\u201d<\/p>\n\n\n\n<p class=\"wp-block-paragraph\">Both 30- and 60-second versions of the television commercial were produced, supported by print, digital and outdoor advertising.<\/p>\n\n\n\n<p class=\"wp-block-paragraph\">Audi UK&#8217;s Head of Marketing Dominic Chambers was identified as the client representative. BBH&#8217;s creative team included Matt Doman and Ian Heartfield, with Nick Kidney and Kevin Stark serving as creative directors. Media planning and buying was handled by Mediacom.<\/p>\n\n\n\n<h2 class=\"wp-block-heading\">1920s IDENTIFICATION ERROR<\/h2>\n\n\n\n<p class=\"wp-block-paragraph\">Contemporary descriptions of&nbsp;<em>The Swan<\/em>&nbsp;placed the historical vehicle depicted in the commercial in the&nbsp;1920s.<\/p>\n\n\n\n<p class=\"wp-block-paragraph\">That identification is incorrect.<\/p>\n\n\n\n<p class=\"wp-block-paragraph\">The reconstruction is based on the&nbsp;1934 Audi Front UW Jaray, recognizable through its proportions, narrow greenhouse, rectangular radiator opening, distinctive rear fin and LU 3956 registration.<\/p>\n\n\n\n<p class=\"wp-block-paragraph\">Audi did have an earlier Jaray-bodied streamlined automobile dating from 1923. That car, currently identified by Audi Tradition as an Audi Type C but historically described as a Type K, represented an earlier application of Jaray&#8217;s aerodynamic principles to an Audi chassis.<\/p>\n\n\n\n<p class=\"wp-block-paragraph\">The two automobiles are particularly susceptible to confusion. Both were one-off streamlined vehicles based on Audi chassis, both were developed around Paul Jaray&#8217;s aerodynamic principles, both original vehicles have been lost and modern representations of both now exist.<\/p>\n\n\n\n<p class=\"wp-block-paragraph\">The 1923 Audi was itself part of a broader family of similar Jaray-bodied automobiles built using chassis from Ley, Audi and Dixi.<\/p>\n\n\n\n<p class=\"wp-block-paragraph\">The vehicle reconstructed for Audi UK in 2012, however, specifically represents the later&nbsp;Audi Front UW Jaray introduced in 1934.<\/p>\n\n\n\n<p class=\"wp-block-paragraph\">The incorrect 1920s description is significant because the convincing period presentation of&nbsp;<em>The Swan<\/em>&nbsp;has allowed the error to propagate in subsequent references to the replica and original vehicle.<\/p>\n\n\n\n<figure class=\"wp-block-image size-full\"><img decoding=\"async\" width=\"2000\" height=\"1250\" src=\"https:\/\/ooooiykyk.com\/audiarchives\/wp-content\/uploads\/sites\/2\/2012\/04\/2012-Audi-Type-UW-Front-Jaray-Stomlinien-Wagen-1447.jpg\" alt=\"\" class=\"wp-image-9685\" srcset=\"https:\/\/ooooiykyk.com\/audiarchives\/wp-content\/uploads\/sites\/2\/2012\/04\/2012-Audi-Type-UW-Front-Jaray-Stomlinien-Wagen-1447.jpg 2000w, https:\/\/ooooiykyk.com\/audiarchives\/wp-content\/uploads\/sites\/2\/2012\/04\/2012-Audi-Type-UW-Front-Jaray-Stomlinien-Wagen-1447-300x188.jpg 300w, https:\/\/ooooiykyk.com\/audiarchives\/wp-content\/uploads\/sites\/2\/2012\/04\/2012-Audi-Type-UW-Front-Jaray-Stomlinien-Wagen-1447-1024x640.jpg 1024w, https:\/\/ooooiykyk.com\/audiarchives\/wp-content\/uploads\/sites\/2\/2012\/04\/2012-Audi-Type-UW-Front-Jaray-Stomlinien-Wagen-1447-768x480.jpg 768w, https:\/\/ooooiykyk.com\/audiarchives\/wp-content\/uploads\/sites\/2\/2012\/04\/2012-Audi-Type-UW-Front-Jaray-Stomlinien-Wagen-1447-1536x960.jpg 1536w, https:\/\/ooooiykyk.com\/audiarchives\/wp-content\/uploads\/sites\/2\/2012\/04\/2012-Audi-Type-UW-Front-Jaray-Stomlinien-Wagen-1447-770x481.jpg 770w, https:\/\/ooooiykyk.com\/audiarchives\/wp-content\/uploads\/sites\/2\/2012\/04\/2012-Audi-Type-UW-Front-Jaray-Stomlinien-Wagen-1447-1400x875.jpg 1400w\" sizes=\"(max-width: 2000px) 100vw, 2000px\" \/><\/figure>\n\n\n\n<p class=\"wp-block-paragraph\"><\/p>\n\n\n\n<h2 class=\"wp-block-heading\">RELATIONSHIP TO THE ORIGINAL<\/h2>\n\n\n\n<p class=\"wp-block-paragraph\">The 2012 reconstruction reproduces the overall shape and character of the original Front UW but should be distinguished carefully from the historical automobile.<\/p>\n\n\n\n<p class=\"wp-block-paragraph\">The original was a one-off experimental vehicle constructed around an Audi Front chassis and subjected to continued development and modification throughout its working life. Its appearance changed between its 1934 introduction and eventual destruction.<\/p>\n\n\n\n<p class=\"wp-block-paragraph\">The reconstruction was created approximately 78 years later for an Audi advertising project.<\/p>\n\n\n\n<p class=\"wp-block-paragraph\">Its exceptionally clean exterior treatment may have been selected to emphasize the aerodynamic intent of Jaray&#8217;s design and provide a visually stronger contrast between the unusual historical automobile and the contemporary Audi A5.<\/p>\n\n\n\n<p class=\"wp-block-paragraph\">No documentation presently identified establishes why this particular combination of historical details was selected.<\/p>\n\n\n\n<p class=\"wp-block-paragraph\">For archival purposes, the replica&#8217;s appearance should therefore be documented as a&nbsp;<strong>2012 interpretation of the Front UW Jaray<\/strong>&nbsp;rather than used as definitive evidence for the appearance of the original car at any particular point in its life.<\/p>\n\n\n\n<h2 class=\"wp-block-heading\">RADICAL SIMPLICITY<\/h2>\n\n\n\n<p class=\"wp-block-paragraph\">Viewed from the perspective of contemporary Audi design, the 2012 reconstruction also presents an interesting visual parallel with the Radical Simplicity design philosophy introduced by Audi decades later.<\/p>\n\n\n\n<p class=\"wp-block-paragraph\">Its smooth body surfaces, absence of decorative brightwork and particularly simple upright rectangular grille give the Front UW reconstruction a remarkably reduced appearance.<\/p>\n\n\n\n<p class=\"wp-block-paragraph\">Those elements create a visual connection with the design language later demonstrated by Audi Concept C, where geometric clarity, reduction and an upright rectangular frame became important identifying elements.<\/p>\n\n\n\n<p class=\"wp-block-paragraph\">No evidence presently establishes that the Front UW Jaray directly influenced Concept C or the development of Audi&#8217;s Radical Simplicity philosophy.<\/p>\n\n\n\n<p class=\"wp-block-paragraph\">The relationship should therefore be understood as a visual and historical parallel rather than documented design lineage. Nevertheless, viewed retrospectively, the 2012 reconstruction creates a particularly clear bridge between the reduction inherent in early aerodynamic design and Audi&#8217;s later pursuit of deliberately simplified forms.<\/p>\n\n\n\n<h2 class=\"wp-block-heading\">LATER MUSEUM LIFE<\/h2>\n\n\n\n<p class=\"wp-block-paragraph\">Following its use in the Audi A5 campaign, the reconstructed Front UW Jaray entered the historical exhibition environment.<\/p>\n\n\n\n<p class=\"wp-block-paragraph\">It was publicly displayed at the <a href=\"https:\/\/ooooiykyk.com\/audiarchives\/tag\/2012-nec-classic-motor-show\/\">NEC Classic Motor Show in Birmingham in November 2012<\/a>, where contemporary photography identified it as the replica created for the A5 television advertisement.<\/p>\n\n\n\n<p class=\"wp-block-paragraph\">The vehicle was subsequently displayed at the <a href=\"https:\/\/ooooiykyk.com\/audiarchives\/tag\/august-horch-museum\/\">August Horch Museum<\/a> in Zwickau. Museum documentation identifies it as a reconstruction produced by Audi United Kingdom in 2012.<\/p>\n\n\n\n<p class=\"wp-block-paragraph\">More than a decade after its construction, the replica returned to prominence as part of Audi Tradition&#8217;s&nbsp;<a href=\"https:\/\/ooooiykyk.com\/audiarchives\/2023\/11\/18\/windschnittig-audi-museum-mobile-2023-2024\/\">Windschnittig<\/a> special exhibition at the <a href=\"https:\/\/ooooiykyk.com\/audiarchives\/tag\/audi-museum-mobile\/\">Audi museum mobile<\/a> in Ingolstadt. Running from&nbsp;November 18, 2023 through June 9, 2024, the exhibition examined the development of aerodynamic concepts in automotive engineering from their beginnings through 1945, with particular emphasis on pioneers including Paul Jaray, Edmund Rumpler and Reinhard Freiherr von Koenig-Fachsenfeld.<\/p>\n\n\n\n<p class=\"wp-block-paragraph\">The Front UW Jaray formed part of the exhibition&#8217;s presentation of Jaray&#8217;s work and Audi&#8217;s early involvement with streamlined automobiles. Its presence complemented the newly created full-size model of the 1923 Audi Type C Jaray, allowing the exhibition to represent two distinct stages in Jaray&#8217;s aerodynamic work with Audi-related chassis.<\/p>\n\n\n\n<p class=\"wp-block-paragraph\">This later museum role gives the 2012 reconstruction a history distinct from the automobile it represents. Created initially to tell a contemporary Audi marketing story, it subsequently became a physical representation of a significant lost automobile from Audi&#8217;s aerodynamic history.<\/p>\n\n\n\n<p class=\"wp-block-paragraph\">Its provenance and differences from surviving photographs of the original are therefore important to preserve. While the reconstruction provides a useful three-dimensional interpretation of Jaray&#8217;s Front UW, the vehicle itself belongs to Audi history beginning in&nbsp;2012, not 1934.<\/p>\n\n\n\n<h2 class=\"wp-block-heading\">DOCUMENTED EXHIBITION HISTORY<\/h2>\n\n\n\n<p class=\"wp-block-paragraph\"><strong>2012 \u2013 NEC Classic Motor Show:<\/strong>&nbsp;Birmingham, United Kingdom; displayed following its use in Audi UK&#8217;s A5 advertising campaign.<\/p>\n\n\n\n<p class=\"wp-block-paragraph\"><strong>August Horch Museum:<\/strong>&nbsp;Zwickau, Germany; subsequently displayed as the 2012 Audi UK reconstruction.<\/p>\n\n\n\n<p class=\"wp-block-paragraph\"><strong>2023\u20132024 \u2013 Windschnittig:<\/strong>&nbsp;Audi museum mobile, Ingolstadt, Germany; November 18, 2023\u2013June 9, 2024. Audi Tradition special exhibition covering aerodynamic concepts in automotive engineering through 1945.<\/p>\n\n\n\n<h2 class=\"wp-block-heading\">PHOTO GALLERY<\/h2>\n\n\n\n<figure data-wp-context=\"{&quot;galleryId&quot;:&quot;6a9bd948426bf&quot;}\" data-wp-interactive=\"core\/gallery\" class=\"wp-block-gallery has-nested-images columns-default is-cropped wp-block-gallery-1 is-layout-flex wp-block-gallery-is-layout-flex\">\n<figure data-wp-context=\"{&quot;imageId&quot;:&quot;6a9bd94842beb&quot;}\" data-wp-interactive=\"core\/image\" data-wp-key=\"6a9bd94842beb\" class=\"wp-block-image size-large wp-lightbox-container\"><img decoding=\"async\" width=\"1024\" height=\"640\" data-wp-class--hide=\"state.isContentHidden\" data-wp-class--show=\"state.isContentVisible\" data-wp-init=\"callbacks.setButtonStyles\" data-wp-on--click=\"actions.showLightbox\" data-wp-on--load=\"callbacks.setButtonStyles\" data-wp-on--pointerdown=\"actions.preloadImage\" data-wp-on--pointerenter=\"actions.preloadImageWithDelay\" data-wp-on--pointerleave=\"actions.cancelPreload\" data-wp-on-window--resize=\"callbacks.setButtonStyles\" data-id=\"9683\" src=\"https:\/\/ooooiykyk.com\/audiarchives\/wp-content\/uploads\/sites\/2\/2012\/04\/2012-Audi-Type-UW-Front-Jaray-Stomlinien-Wagen-1445-1024x640.jpg\" alt=\"\" class=\"wp-image-9683\" srcset=\"https:\/\/ooooiykyk.com\/audiarchives\/wp-content\/uploads\/sites\/2\/2012\/04\/2012-Audi-Type-UW-Front-Jaray-Stomlinien-Wagen-1445-1024x640.jpg 1024w, https:\/\/ooooiykyk.com\/audiarchives\/wp-content\/uploads\/sites\/2\/2012\/04\/2012-Audi-Type-UW-Front-Jaray-Stomlinien-Wagen-1445-300x188.jpg 300w, https:\/\/ooooiykyk.com\/audiarchives\/wp-content\/uploads\/sites\/2\/2012\/04\/2012-Audi-Type-UW-Front-Jaray-Stomlinien-Wagen-1445-768x480.jpg 768w, https:\/\/ooooiykyk.com\/audiarchives\/wp-content\/uploads\/sites\/2\/2012\/04\/2012-Audi-Type-UW-Front-Jaray-Stomlinien-Wagen-1445-1536x960.jpg 1536w, https:\/\/ooooiykyk.com\/audiarchives\/wp-content\/uploads\/sites\/2\/2012\/04\/2012-Audi-Type-UW-Front-Jaray-Stomlinien-Wagen-1445-770x481.jpg 770w, https:\/\/ooooiykyk.com\/audiarchives\/wp-content\/uploads\/sites\/2\/2012\/04\/2012-Audi-Type-UW-Front-Jaray-Stomlinien-Wagen-1445-1400x875.jpg 1400w, https:\/\/ooooiykyk.com\/audiarchives\/wp-content\/uploads\/sites\/2\/2012\/04\/2012-Audi-Type-UW-Front-Jaray-Stomlinien-Wagen-1445.jpg 2000w\" sizes=\"(max-width: 1024px) 100vw, 1024px\" \/><button\n\t\t\tclass=\"lightbox-trigger\"\n\t\t\ttype=\"button\"\n\t\t\taria-haspopup=\"dialog\"\n\t\t\tdata-wp-bind--aria-label=\"state.thisImage.triggerButtonAriaLabel\"\n\t\t\tdata-wp-init=\"callbacks.initTriggerButton\"\n\t\t\tdata-wp-on--click=\"actions.showLightbox\"\n\t\t\tdata-wp-style--right=\"state.thisImage.buttonRight\"\n\t\t\tdata-wp-style--top=\"state.thisImage.buttonTop\"\n\t\t>\n\t\t\t<svg xmlns=\"http:\/\/www.w3.org\/2000\/svg\" width=\"12\" height=\"12\" fill=\"none\" viewBox=\"0 0 12 12\">\n\t\t\t\t<path fill=\"#fff\" d=\"M2 0a2 2 0 0 0-2 2v2h1.5V2a.5.5 0 0 1 .5-.5h2V0H2Zm2 10.5H2a.5.5 0 0 1-.5-.5V8H0v2a2 2 0 0 0 2 2h2v-1.5ZM8 12v-1.5h2a.5.5 0 0 0 .5-.5V8H12v2a2 2 0 0 1-2 2H8Zm2-12a2 2 0 0 1 2 2v2h-1.5V2a.5.5 0 0 0-.5-.5H8V0h2Z\" \/>\n\t\t\t<\/svg>\n\t\t<\/button><\/figure>\n\n\n\n<figure data-wp-context=\"{&quot;imageId&quot;:&quot;6a9bd948431a4&quot;}\" data-wp-interactive=\"core\/image\" data-wp-key=\"6a9bd948431a4\" class=\"wp-block-image size-large wp-lightbox-container\"><img decoding=\"async\" width=\"1024\" height=\"640\" data-wp-class--hide=\"state.isContentHidden\" data-wp-class--show=\"state.isContentVisible\" data-wp-init=\"callbacks.setButtonStyles\" data-wp-on--click=\"actions.showLightbox\" data-wp-on--load=\"callbacks.setButtonStyles\" data-wp-on--pointerdown=\"actions.preloadImage\" data-wp-on--pointerenter=\"actions.preloadImageWithDelay\" data-wp-on--pointerleave=\"actions.cancelPreload\" data-wp-on-window--resize=\"callbacks.setButtonStyles\" data-id=\"9687\" src=\"https:\/\/ooooiykyk.com\/audiarchives\/wp-content\/uploads\/sites\/2\/2012\/04\/2012-Audi-Type-UW-Front-Jaray-Stomlinien-Wagen-1446-1024x640.jpg\" alt=\"\" class=\"wp-image-9687\" srcset=\"https:\/\/ooooiykyk.com\/audiarchives\/wp-content\/uploads\/sites\/2\/2012\/04\/2012-Audi-Type-UW-Front-Jaray-Stomlinien-Wagen-1446-1024x640.jpg 1024w, https:\/\/ooooiykyk.com\/audiarchives\/wp-content\/uploads\/sites\/2\/2012\/04\/2012-Audi-Type-UW-Front-Jaray-Stomlinien-Wagen-1446-300x188.jpg 300w, https:\/\/ooooiykyk.com\/audiarchives\/wp-content\/uploads\/sites\/2\/2012\/04\/2012-Audi-Type-UW-Front-Jaray-Stomlinien-Wagen-1446-768x480.jpg 768w, https:\/\/ooooiykyk.com\/audiarchives\/wp-content\/uploads\/sites\/2\/2012\/04\/2012-Audi-Type-UW-Front-Jaray-Stomlinien-Wagen-1446-1536x960.jpg 1536w, https:\/\/ooooiykyk.com\/audiarchives\/wp-content\/uploads\/sites\/2\/2012\/04\/2012-Audi-Type-UW-Front-Jaray-Stomlinien-Wagen-1446-770x481.jpg 770w, https:\/\/ooooiykyk.com\/audiarchives\/wp-content\/uploads\/sites\/2\/2012\/04\/2012-Audi-Type-UW-Front-Jaray-Stomlinien-Wagen-1446-1400x875.jpg 1400w, https:\/\/ooooiykyk.com\/audiarchives\/wp-content\/uploads\/sites\/2\/2012\/04\/2012-Audi-Type-UW-Front-Jaray-Stomlinien-Wagen-1446.jpg 2000w\" sizes=\"(max-width: 1024px) 100vw, 1024px\" \/><button\n\t\t\tclass=\"lightbox-trigger\"\n\t\t\ttype=\"button\"\n\t\t\taria-haspopup=\"dialog\"\n\t\t\tdata-wp-bind--aria-label=\"state.thisImage.triggerButtonAriaLabel\"\n\t\t\tdata-wp-init=\"callbacks.initTriggerButton\"\n\t\t\tdata-wp-on--click=\"actions.showLightbox\"\n\t\t\tdata-wp-style--right=\"state.thisImage.buttonRight\"\n\t\t\tdata-wp-style--top=\"state.thisImage.buttonTop\"\n\t\t>\n\t\t\t<svg xmlns=\"http:\/\/www.w3.org\/2000\/svg\" width=\"12\" height=\"12\" fill=\"none\" viewBox=\"0 0 12 12\">\n\t\t\t\t<path fill=\"#fff\" d=\"M2 0a2 2 0 0 0-2 2v2h1.5V2a.5.5 0 0 1 .5-.5h2V0H2Zm2 10.5H2a.5.5 0 0 1-.5-.5V8H0v2a2 2 0 0 0 2 2h2v-1.5ZM8 12v-1.5h2a.5.5 0 0 0 .5-.5V8H12v2a2 2 0 0 1-2 2H8Zm2-12a2 2 0 0 1 2 2v2h-1.5V2a.5.5 0 0 0-.5-.5H8V0h2Z\" \/>\n\t\t\t<\/svg>\n\t\t<\/button><\/figure>\n\n\n\n<figure data-wp-context=\"{&quot;imageId&quot;:&quot;6a9bd948436cb&quot;}\" data-wp-interactive=\"core\/image\" data-wp-key=\"6a9bd948436cb\" class=\"wp-block-image size-large wp-lightbox-container\"><img decoding=\"async\" width=\"1024\" height=\"640\" data-wp-class--hide=\"state.isContentHidden\" data-wp-class--show=\"state.isContentVisible\" data-wp-init=\"callbacks.setButtonStyles\" data-wp-on--click=\"actions.showLightbox\" data-wp-on--load=\"callbacks.setButtonStyles\" data-wp-on--pointerdown=\"actions.preloadImage\" data-wp-on--pointerenter=\"actions.preloadImageWithDelay\" data-wp-on--pointerleave=\"actions.cancelPreload\" data-wp-on-window--resize=\"callbacks.setButtonStyles\" data-id=\"9685\" src=\"https:\/\/ooooiykyk.com\/audiarchives\/wp-content\/uploads\/sites\/2\/2012\/04\/2012-Audi-Type-UW-Front-Jaray-Stomlinien-Wagen-1447-1024x640.jpg\" alt=\"\" class=\"wp-image-9685\" srcset=\"https:\/\/ooooiykyk.com\/audiarchives\/wp-content\/uploads\/sites\/2\/2012\/04\/2012-Audi-Type-UW-Front-Jaray-Stomlinien-Wagen-1447-1024x640.jpg 1024w, https:\/\/ooooiykyk.com\/audiarchives\/wp-content\/uploads\/sites\/2\/2012\/04\/2012-Audi-Type-UW-Front-Jaray-Stomlinien-Wagen-1447-300x188.jpg 300w, https:\/\/ooooiykyk.com\/audiarchives\/wp-content\/uploads\/sites\/2\/2012\/04\/2012-Audi-Type-UW-Front-Jaray-Stomlinien-Wagen-1447-768x480.jpg 768w, https:\/\/ooooiykyk.com\/audiarchives\/wp-content\/uploads\/sites\/2\/2012\/04\/2012-Audi-Type-UW-Front-Jaray-Stomlinien-Wagen-1447-1536x960.jpg 1536w, https:\/\/ooooiykyk.com\/audiarchives\/wp-content\/uploads\/sites\/2\/2012\/04\/2012-Audi-Type-UW-Front-Jaray-Stomlinien-Wagen-1447-770x481.jpg 770w, https:\/\/ooooiykyk.com\/audiarchives\/wp-content\/uploads\/sites\/2\/2012\/04\/2012-Audi-Type-UW-Front-Jaray-Stomlinien-Wagen-1447-1400x875.jpg 1400w, https:\/\/ooooiykyk.com\/audiarchives\/wp-content\/uploads\/sites\/2\/2012\/04\/2012-Audi-Type-UW-Front-Jaray-Stomlinien-Wagen-1447.jpg 2000w\" sizes=\"(max-width: 1024px) 100vw, 1024px\" \/><button\n\t\t\tclass=\"lightbox-trigger\"\n\t\t\ttype=\"button\"\n\t\t\taria-haspopup=\"dialog\"\n\t\t\tdata-wp-bind--aria-label=\"state.thisImage.triggerButtonAriaLabel\"\n\t\t\tdata-wp-init=\"callbacks.initTriggerButton\"\n\t\t\tdata-wp-on--click=\"actions.showLightbox\"\n\t\t\tdata-wp-style--right=\"state.thisImage.buttonRight\"\n\t\t\tdata-wp-style--top=\"state.thisImage.buttonTop\"\n\t\t>\n\t\t\t<svg xmlns=\"http:\/\/www.w3.org\/2000\/svg\" width=\"12\" height=\"12\" fill=\"none\" viewBox=\"0 0 12 12\">\n\t\t\t\t<path fill=\"#fff\" d=\"M2 0a2 2 0 0 0-2 2v2h1.5V2a.5.5 0 0 1 .5-.5h2V0H2Zm2 10.5H2a.5.5 0 0 1-.5-.5V8H0v2a2 2 0 0 0 2 2h2v-1.5ZM8 12v-1.5h2a.5.5 0 0 0 .5-.5V8H12v2a2 2 0 0 1-2 2H8Zm2-12a2 2 0 0 1 2 2v2h-1.5V2a.5.5 0 0 0-.5-.5H8V0h2Z\" \/>\n\t\t\t<\/svg>\n\t\t<\/button><\/figure>\n\n\n\n<figure data-wp-context=\"{&quot;imageId&quot;:&quot;6a9bd94843bf2&quot;}\" data-wp-interactive=\"core\/image\" data-wp-key=\"6a9bd94843bf2\" class=\"wp-block-image size-large wp-lightbox-container\"><img decoding=\"async\" width=\"1024\" height=\"640\" data-wp-class--hide=\"state.isContentHidden\" data-wp-class--show=\"state.isContentVisible\" data-wp-init=\"callbacks.setButtonStyles\" data-wp-on--click=\"actions.showLightbox\" data-wp-on--load=\"callbacks.setButtonStyles\" data-wp-on--pointerdown=\"actions.preloadImage\" data-wp-on--pointerenter=\"actions.preloadImageWithDelay\" data-wp-on--pointerleave=\"actions.cancelPreload\" data-wp-on-window--resize=\"callbacks.setButtonStyles\" data-id=\"9684\" src=\"https:\/\/ooooiykyk.com\/audiarchives\/wp-content\/uploads\/sites\/2\/2012\/04\/2012-Audi-Type-UW-Front-Jaray-Stomlinien-Wagen-1448-1024x640.jpg\" alt=\"\" class=\"wp-image-9684\" srcset=\"https:\/\/ooooiykyk.com\/audiarchives\/wp-content\/uploads\/sites\/2\/2012\/04\/2012-Audi-Type-UW-Front-Jaray-Stomlinien-Wagen-1448-1024x640.jpg 1024w, https:\/\/ooooiykyk.com\/audiarchives\/wp-content\/uploads\/sites\/2\/2012\/04\/2012-Audi-Type-UW-Front-Jaray-Stomlinien-Wagen-1448-300x188.jpg 300w, https:\/\/ooooiykyk.com\/audiarchives\/wp-content\/uploads\/sites\/2\/2012\/04\/2012-Audi-Type-UW-Front-Jaray-Stomlinien-Wagen-1448-768x480.jpg 768w, https:\/\/ooooiykyk.com\/audiarchives\/wp-content\/uploads\/sites\/2\/2012\/04\/2012-Audi-Type-UW-Front-Jaray-Stomlinien-Wagen-1448-1536x960.jpg 1536w, https:\/\/ooooiykyk.com\/audiarchives\/wp-content\/uploads\/sites\/2\/2012\/04\/2012-Audi-Type-UW-Front-Jaray-Stomlinien-Wagen-1448-770x481.jpg 770w, https:\/\/ooooiykyk.com\/audiarchives\/wp-content\/uploads\/sites\/2\/2012\/04\/2012-Audi-Type-UW-Front-Jaray-Stomlinien-Wagen-1448-1400x875.jpg 1400w, https:\/\/ooooiykyk.com\/audiarchives\/wp-content\/uploads\/sites\/2\/2012\/04\/2012-Audi-Type-UW-Front-Jaray-Stomlinien-Wagen-1448.jpg 2000w\" sizes=\"(max-width: 1024px) 100vw, 1024px\" \/><button\n\t\t\tclass=\"lightbox-trigger\"\n\t\t\ttype=\"button\"\n\t\t\taria-haspopup=\"dialog\"\n\t\t\tdata-wp-bind--aria-label=\"state.thisImage.triggerButtonAriaLabel\"\n\t\t\tdata-wp-init=\"callbacks.initTriggerButton\"\n\t\t\tdata-wp-on--click=\"actions.showLightbox\"\n\t\t\tdata-wp-style--right=\"state.thisImage.buttonRight\"\n\t\t\tdata-wp-style--top=\"state.thisImage.buttonTop\"\n\t\t>\n\t\t\t<svg xmlns=\"http:\/\/www.w3.org\/2000\/svg\" width=\"12\" height=\"12\" fill=\"none\" viewBox=\"0 0 12 12\">\n\t\t\t\t<path fill=\"#fff\" d=\"M2 0a2 2 0 0 0-2 2v2h1.5V2a.5.5 0 0 1 .5-.5h2V0H2Zm2 10.5H2a.5.5 0 0 1-.5-.5V8H0v2a2 2 0 0 0 2 2h2v-1.5ZM8 12v-1.5h2a.5.5 0 0 0 .5-.5V8H12v2a2 2 0 0 1-2 2H8Zm2-12a2 2 0 0 1 2 2v2h-1.5V2a.5.5 0 0 0-.5-.5H8V0h2Z\" \/>\n\t\t\t<\/svg>\n\t\t<\/button><\/figure>\n\n\n\n<figure data-wp-context=\"{&quot;imageId&quot;:&quot;6a9bd9484413d&quot;}\" data-wp-interactive=\"core\/image\" data-wp-key=\"6a9bd9484413d\" class=\"wp-block-image size-large wp-lightbox-container\"><img decoding=\"async\" width=\"1024\" height=\"640\" data-wp-class--hide=\"state.isContentHidden\" data-wp-class--show=\"state.isContentVisible\" data-wp-init=\"callbacks.setButtonStyles\" data-wp-on--click=\"actions.showLightbox\" data-wp-on--load=\"callbacks.setButtonStyles\" data-wp-on--pointerdown=\"actions.preloadImage\" data-wp-on--pointerenter=\"actions.preloadImageWithDelay\" data-wp-on--pointerleave=\"actions.cancelPreload\" data-wp-on-window--resize=\"callbacks.setButtonStyles\" data-id=\"9686\" src=\"https:\/\/ooooiykyk.com\/audiarchives\/wp-content\/uploads\/sites\/2\/2012\/04\/2012-Audi-Type-UW-Front-Jaray-Stomlinien-Wagen-1449-1024x640.jpg\" alt=\"\" class=\"wp-image-9686\" srcset=\"https:\/\/ooooiykyk.com\/audiarchives\/wp-content\/uploads\/sites\/2\/2012\/04\/2012-Audi-Type-UW-Front-Jaray-Stomlinien-Wagen-1449-1024x640.jpg 1024w, https:\/\/ooooiykyk.com\/audiarchives\/wp-content\/uploads\/sites\/2\/2012\/04\/2012-Audi-Type-UW-Front-Jaray-Stomlinien-Wagen-1449-300x188.jpg 300w, https:\/\/ooooiykyk.com\/audiarchives\/wp-content\/uploads\/sites\/2\/2012\/04\/2012-Audi-Type-UW-Front-Jaray-Stomlinien-Wagen-1449-768x480.jpg 768w, https:\/\/ooooiykyk.com\/audiarchives\/wp-content\/uploads\/sites\/2\/2012\/04\/2012-Audi-Type-UW-Front-Jaray-Stomlinien-Wagen-1449-1536x960.jpg 1536w, https:\/\/ooooiykyk.com\/audiarchives\/wp-content\/uploads\/sites\/2\/2012\/04\/2012-Audi-Type-UW-Front-Jaray-Stomlinien-Wagen-1449-770x481.jpg 770w, https:\/\/ooooiykyk.com\/audiarchives\/wp-content\/uploads\/sites\/2\/2012\/04\/2012-Audi-Type-UW-Front-Jaray-Stomlinien-Wagen-1449-1400x875.jpg 1400w, https:\/\/ooooiykyk.com\/audiarchives\/wp-content\/uploads\/sites\/2\/2012\/04\/2012-Audi-Type-UW-Front-Jaray-Stomlinien-Wagen-1449.jpg 2000w\" sizes=\"(max-width: 1024px) 100vw, 1024px\" \/><button\n\t\t\tclass=\"lightbox-trigger\"\n\t\t\ttype=\"button\"\n\t\t\taria-haspopup=\"dialog\"\n\t\t\tdata-wp-bind--aria-label=\"state.thisImage.triggerButtonAriaLabel\"\n\t\t\tdata-wp-init=\"callbacks.initTriggerButton\"\n\t\t\tdata-wp-on--click=\"actions.showLightbox\"\n\t\t\tdata-wp-style--right=\"state.thisImage.buttonRight\"\n\t\t\tdata-wp-style--top=\"state.thisImage.buttonTop\"\n\t\t>\n\t\t\t<svg xmlns=\"http:\/\/www.w3.org\/2000\/svg\" width=\"12\" height=\"12\" fill=\"none\" viewBox=\"0 0 12 12\">\n\t\t\t\t<path fill=\"#fff\" d=\"M2 0a2 2 0 0 0-2 2v2h1.5V2a.5.5 0 0 1 .5-.5h2V0H2Zm2 10.5H2a.5.5 0 0 1-.5-.5V8H0v2a2 2 0 0 0 2 2h2v-1.5ZM8 12v-1.5h2a.5.5 0 0 0 .5-.5V8H12v2a2 2 0 0 1-2 2H8Zm2-12a2 2 0 0 1 2 2v2h-1.5V2a.5.5 0 0 0-.5-.5H8V0h2Z\" \/>\n\t\t\t<\/svg>\n\t\t<\/button><\/figure>\n<\/figure>\n\n\n\n<p class=\"wp-block-paragraph\"><\/p>\n\n\n\n<h2 class=\"wp-block-heading\">SOURCES<\/h2>\n\n\n\n<p class=\"wp-block-paragraph\">Audi UK \/ Audi A5 \u2013&nbsp;<em>The Swan<\/em>&nbsp;advertising campaign, 2012<\/p>\n\n\n\n<p class=\"wp-block-paragraph\">Little Black Book \u2013&nbsp;<em>Audi Heritage Inspires New A5 TV Ad<\/em>, April 5, 2012<\/p>\n\n\n\n<p class=\"wp-block-paragraph\">BBH London \u2013 Audi A5&nbsp;<em>The Swan<\/em>&nbsp;campaign<\/p>\n\n\n\n<p class=\"wp-block-paragraph\">August Horch Museum Zwickau \u2013 Audi Front UW Jaray reconstruction documentation<\/p>\n\n\n\n<p class=\"wp-block-paragraph\">Contemporary NEC Classic Motor Show photography \u2013 Birmingham, November 2012<\/p>\n\n\n\n<p class=\"wp-block-paragraph\">4Legend \u2013&nbsp;<em>Audi Front Type UW Jaray de 1934, un prototype de v\u00e9hicule tr\u00e8s a\u00e9rodynamique<\/em><\/p>\n\n\n\n<p class=\"wp-block-paragraph\">The Classic Car Trust \u2013&nbsp;<em>1921: Paul Jaray and his Airships on Four Wheels<\/em><\/p>\n\n\n\n<p class=\"wp-block-paragraph\">Coachbuild.com \u2013 Paul Jaray historical profile<\/p>\n\n\n\n<h2 class=\"wp-block-heading\">RESEARCH NOTES<\/h2>\n\n\n\n<ul class=\"wp-block-list\">\n<li>The August Horch Museum identifies the vehicle as a reconstruction produced by&nbsp;<strong>Audi United Kingdom in 2012<\/strong>.<\/li>\n\n\n\n<li>Contemporary November 2012 photography from the NEC Classic Motor Show describes the vehicle as a replica built for Audi&#8217;s A5 television advertising.<\/li>\n\n\n\n<li>Available evidence therefore associates the reconstruction primarily with Audi UK and the A5 campaign rather than establishing it as an Audi Tradition historical reconstruction project.<\/li>\n\n\n\n<li>The precise company or workshop responsible for physically constructing the replica has not presently been established.<\/li>\n\n\n\n<li>The degree, if any, of Audi Tradition involvement in researching or specifying the reconstruction has not presently been established.<\/li>\n\n\n\n<li>The Audi A5&nbsp;<em>The Swan<\/em>&nbsp;commercial debuted in the UK on&nbsp;<strong>April 1, 2012<\/strong>, during ITV&#8217;s&nbsp;<em>Titanic<\/em>. Because the replica was created specifically for the campaign and no earlier public presentation has presently been identified, April 1 is used as the vehicle&#8217;s reveal date in Audi Archives.<\/li>\n\n\n\n<li><em>The Swan<\/em>&nbsp;was created by BBH London and directed by Joachim Back through Park Pictures.<\/li>\n\n\n\n<li>Both 30- and 60-second television versions were produced, accompanied by print, digital and outdoor elements.<\/li>\n\n\n\n<li>The replica is finished in grey and carries the&nbsp;<strong>LU 3956<\/strong>&nbsp;registration associated with the original Front UW Jaray.<\/li>\n\n\n\n<li>Its exterior lacks the bright side molding and prominent radiator-cap treatment visible in photographs of the original during later stages of its life.<\/li>\n\n\n\n<li>No period photograph presently identified shows the original Front UW in precisely the same combination of exterior details represented by the 2012 reconstruction.<\/li>\n\n\n\n<li>The replica should therefore not be treated as definitive documentation of a particular 1934 specification without further historical evidence.<\/li>\n\n\n\n<li>Contemporary descriptions of&nbsp;<em>The Swan<\/em>&nbsp;incorrectly placed the streamlined Audi in the&nbsp;<strong>1920s<\/strong>.<\/li>\n\n\n\n<li>The reconstruction represents the&nbsp;<strong>1934 Audi Front UW Jaray<\/strong>, not the separate Jaray-bodied Audi Type C\/Type K of 1923.<\/li>\n\n\n\n<li>Confusion between the two cars is relatively common because of their shared designer, aerodynamic purpose, rarity and loss of both originals.<\/li>\n\n\n\n<li>Similarities between the replica&#8217;s reduced surfacing and simple rectangular grille and Audi&#8217;s later Radical Simplicity design language are visually notable, but no direct historical design connection has been established.<\/li>\n\n\n\n<li>Following its advertising use, the reconstruction entered the museum and historical exhibition environment and has been displayed at the August Horch Museum in Zwickau.<\/li>\n<\/ul>\n\n\n\n<h2 class=\"wp-block-heading\">ARCHIVE STATUS<\/h2>\n\n\n\n<p class=\"wp-block-paragraph\"><strong>Vehicle Status:<\/strong>&nbsp;Extant<br><strong>Construction Date:<\/strong>&nbsp;2012<br><strong>Reveal Date:<\/strong>&nbsp;April 1, 2012<br><strong>Created For:<\/strong>&nbsp;Audi UK<br><strong>Original Purpose:<\/strong>&nbsp;Audi A5 advertising campaign<br><strong>Advertisement:<\/strong>&nbsp;The Swan<br><strong>Historical Vehicle Represented:<\/strong>&nbsp;1934 Audi Front UW Jaray<br><strong>Registration Displayed:<\/strong>&nbsp;LU 3956<br><strong>Current\/Recent Collection:<\/strong>&nbsp;August Horch Museum, Zwickau<br><strong>Constructor:<\/strong>&nbsp;Not presently established<br><strong>Audi Tradition Involvement:<\/strong>&nbsp;Not presently established<br><strong>Historical Accuracy:<\/strong>&nbsp;Overall design based on the original Front UW Jaray; exact historical configuration represented by its exterior detailing has not been established<br><strong>Documentation Status:<\/strong>&nbsp;Contemporary advertising material, campaign documentation, photographs and subsequent museum documentation survive<\/p>\n","protected":false},"excerpt":{"rendered":"<p>In 2012, a reconstruction of the 1934 Audi Front UW Jaray was created for Audi UK in connection with an advertising campaign for the updated Audi A5.<\/p>\n","protected":false},"author":2,"featured_media":9683,"comment_status":"open","ping_status":"open","sticky":false,"template":"","format":"standard","meta":{"footnotes":""},"categories":[609],"tags":[285,1389,74,692,1020,1387,1381,1378,1385,1390,1372,1386,1388,1375],"class_list":["post-9681","post","type-post","status-publish","format-standard","has-post-thumbnail","hentry","category-prototypes","tag-285","tag-2012-nec-classic-motor-show","tag-audi-museum-mobile","tag-audi-uk","tag-august-horch-museum","tag-bbh-london","tag-front-uw","tag-front-uw-jaray","tag-jaray-stomlinienwagen","tag-nec-classic-motor-show","tag-paul-jaray","tag-replica","tag-the-swan","tag-windschnittig"],"yoast_head":"<!-- This site is optimized with the Yoast SEO plugin v28.4 - https:\/\/yoast.com\/product\/yoast-seo-wordpress\/ -->\n<title>Audi Front UW Jaray Replica (2012) - oooo411 Audi Reference<\/title>\n<meta name=\"robots\" content=\"index, follow, max-snippet:-1, max-image-preview:large, max-video-preview:-1\" \/>\n<link rel=\"canonical\" href=\"https:\/\/ooooiykyk.com\/audiarchives\/2012\/04\/01\/audi-front-uw-jaray-replica-2012\/\" \/>\n<meta property=\"og:locale\" content=\"en_US\" \/>\n<meta property=\"og:type\" content=\"article\" \/>\n<meta property=\"og:title\" content=\"Audi Front UW Jaray Replica (2012) - oooo411 Audi Reference\" \/>\n<meta property=\"og:description\" content=\"In 2012, a reconstruction of the 1934 Audi Front UW Jaray was created for Audi UK in connection with an advertising campaign for the updated Audi A5.\" \/>\n<meta property=\"og:url\" content=\"https:\/\/ooooiykyk.com\/audiarchives\/2012\/04\/01\/audi-front-uw-jaray-replica-2012\/\" \/>\n<meta property=\"og:site_name\" content=\"oooo411 Audi Reference\" \/>\n<meta property=\"article:published_time\" content=\"2012-04-01T18:13:00+00:00\" \/>\n<meta property=\"article:modified_time\" content=\"2026-09-01T18:58:22+00:00\" \/>\n<meta property=\"og:image\" content=\"https:\/\/ooooiykyk.com\/audiarchives\/wp-content\/uploads\/sites\/2\/2012\/04\/2012-Audi-Type-UW-Front-Jaray-Stomlinien-Wagen-1445.jpg\" \/>\n\t<meta property=\"og:image:width\" content=\"2000\" \/>\n\t<meta property=\"og:image:height\" content=\"1250\" \/>\n\t<meta property=\"og:image:type\" content=\"image\/jpeg\" \/>\n<meta name=\"author\" content=\"georgeachorn\" \/>\n<meta name=\"twitter:card\" content=\"summary_large_image\" \/>\n<meta name=\"twitter:label1\" content=\"Written by\" \/>\n\t<meta name=\"twitter:data1\" content=\"georgeachorn\" \/>\n\t<meta name=\"twitter:label2\" content=\"Est. reading time\" \/>\n\t<meta name=\"twitter:data2\" content=\"12 minutes\" \/>\n<script type=\"application\/ld+json\" class=\"yoast-schema-graph\">{\"@context\":\"https:\\\/\\\/schema.org\",\"@graph\":[{\"@type\":\"Article\",\"@id\":\"https:\\\/\\\/ooooiykyk.com\\\/audiarchives\\\/2012\\\/04\\\/01\\\/audi-front-uw-jaray-replica-2012\\\/#article\",\"isPartOf\":{\"@id\":\"https:\\\/\\\/ooooiykyk.com\\\/audiarchives\\\/2012\\\/04\\\/01\\\/audi-front-uw-jaray-replica-2012\\\/\"},\"author\":{\"name\":\"georgeachorn\",\"@id\":\"https:\\\/\\\/ooooiykyk.com\\\/audiarchives\\\/#\\\/schema\\\/person\\\/130f277be59b62a0ee49e51a09e0efcd\"},\"headline\":\"Audi Front UW Jaray Replica (2012)\",\"datePublished\":\"2012-04-01T18:13:00+00:00\",\"dateModified\":\"2026-09-01T18:58:22+00:00\",\"mainEntityOfPage\":{\"@id\":\"https:\\\/\\\/ooooiykyk.com\\\/audiarchives\\\/2012\\\/04\\\/01\\\/audi-front-uw-jaray-replica-2012\\\/\"},\"wordCount\":2343,\"commentCount\":0,\"image\":{\"@id\":\"https:\\\/\\\/ooooiykyk.com\\\/audiarchives\\\/2012\\\/04\\\/01\\\/audi-front-uw-jaray-replica-2012\\\/#primaryimage\"},\"thumbnailUrl\":\"https:\\\/\\\/ooooiykyk.com\\\/audiarchives\\\/wp-content\\\/uploads\\\/sites\\\/2\\\/2012\\\/04\\\/2012-Audi-Type-UW-Front-Jaray-Stomlinien-Wagen-1445.jpg\",\"keywords\":[\"2012\",\"2012 NEC Classic Motor Show\",\"Audi museum mobile\",\"Audi UK\",\"August Horch Museum\",\"BBH London\",\"Front UW\",\"Front UW Jaray\",\"Jaray Stomlinienwagen\",\"NEC Classic Motor Show\",\"Paul Jaray\",\"replica\",\"The Swan\",\"Windschnittig\"],\"articleSection\":[\"Prototypes\"],\"inLanguage\":\"en-US\",\"potentialAction\":[{\"@type\":\"CommentAction\",\"name\":\"Comment\",\"target\":[\"https:\\\/\\\/ooooiykyk.com\\\/audiarchives\\\/2012\\\/04\\\/01\\\/audi-front-uw-jaray-replica-2012\\\/#respond\"]}]},{\"@type\":\"WebPage\",\"@id\":\"https:\\\/\\\/ooooiykyk.com\\\/audiarchives\\\/2012\\\/04\\\/01\\\/audi-front-uw-jaray-replica-2012\\\/\",\"url\":\"https:\\\/\\\/ooooiykyk.com\\\/audiarchives\\\/2012\\\/04\\\/01\\\/audi-front-uw-jaray-replica-2012\\\/\",\"name\":\"Audi Front UW Jaray Replica (2012) - oooo411 Audi Reference\",\"isPartOf\":{\"@id\":\"https:\\\/\\\/ooooiykyk.com\\\/audiarchives\\\/#website\"},\"primaryImageOfPage\":{\"@id\":\"https:\\\/\\\/ooooiykyk.com\\\/audiarchives\\\/2012\\\/04\\\/01\\\/audi-front-uw-jaray-replica-2012\\\/#primaryimage\"},\"image\":{\"@id\":\"https:\\\/\\\/ooooiykyk.com\\\/audiarchives\\\/2012\\\/04\\\/01\\\/audi-front-uw-jaray-replica-2012\\\/#primaryimage\"},\"thumbnailUrl\":\"https:\\\/\\\/ooooiykyk.com\\\/audiarchives\\\/wp-content\\\/uploads\\\/sites\\\/2\\\/2012\\\/04\\\/2012-Audi-Type-UW-Front-Jaray-Stomlinien-Wagen-1445.jpg\",\"datePublished\":\"2012-04-01T18:13:00+00:00\",\"dateModified\":\"2026-09-01T18:58:22+00:00\",\"author\":{\"@id\":\"https:\\\/\\\/ooooiykyk.com\\\/audiarchives\\\/#\\\/schema\\\/person\\\/130f277be59b62a0ee49e51a09e0efcd\"},\"breadcrumb\":{\"@id\":\"https:\\\/\\\/ooooiykyk.com\\\/audiarchives\\\/2012\\\/04\\\/01\\\/audi-front-uw-jaray-replica-2012\\\/#breadcrumb\"},\"inLanguage\":\"en-US\",\"potentialAction\":[{\"@type\":\"ReadAction\",\"target\":[\"https:\\\/\\\/ooooiykyk.com\\\/audiarchives\\\/2012\\\/04\\\/01\\\/audi-front-uw-jaray-replica-2012\\\/\"]}]},{\"@type\":\"ImageObject\",\"inLanguage\":\"en-US\",\"@id\":\"https:\\\/\\\/ooooiykyk.com\\\/audiarchives\\\/2012\\\/04\\\/01\\\/audi-front-uw-jaray-replica-2012\\\/#primaryimage\",\"url\":\"https:\\\/\\\/ooooiykyk.com\\\/audiarchives\\\/wp-content\\\/uploads\\\/sites\\\/2\\\/2012\\\/04\\\/2012-Audi-Type-UW-Front-Jaray-Stomlinien-Wagen-1445.jpg\",\"contentUrl\":\"https:\\\/\\\/ooooiykyk.com\\\/audiarchives\\\/wp-content\\\/uploads\\\/sites\\\/2\\\/2012\\\/04\\\/2012-Audi-Type-UW-Front-Jaray-Stomlinien-Wagen-1445.jpg\",\"width\":2000,\"height\":1250},{\"@type\":\"BreadcrumbList\",\"@id\":\"https:\\\/\\\/ooooiykyk.com\\\/audiarchives\\\/2012\\\/04\\\/01\\\/audi-front-uw-jaray-replica-2012\\\/#breadcrumb\",\"itemListElement\":[{\"@type\":\"ListItem\",\"position\":1,\"name\":\"Home\",\"item\":\"https:\\\/\\\/ooooiykyk.com\\\/audiarchives\\\/\"},{\"@type\":\"ListItem\",\"position\":2,\"name\":\"Audi Front UW Jaray Replica (2012)\"}]},{\"@type\":\"WebSite\",\"@id\":\"https:\\\/\\\/ooooiykyk.com\\\/audiarchives\\\/#website\",\"url\":\"https:\\\/\\\/ooooiykyk.com\\\/audiarchives\\\/\",\"name\":\"oooo411 Audi Reference\",\"description\":\"The oooo411 Audi Archives by ooooIYKYK\",\"potentialAction\":[{\"@type\":\"SearchAction\",\"target\":{\"@type\":\"EntryPoint\",\"urlTemplate\":\"https:\\\/\\\/ooooiykyk.com\\\/audiarchives\\\/?s={search_term_string}\"},\"query-input\":{\"@type\":\"PropertyValueSpecification\",\"valueRequired\":true,\"valueName\":\"search_term_string\"}}],\"inLanguage\":\"en-US\"},{\"@type\":\"Person\",\"@id\":\"https:\\\/\\\/ooooiykyk.com\\\/audiarchives\\\/#\\\/schema\\\/person\\\/130f277be59b62a0ee49e51a09e0efcd\",\"name\":\"georgeachorn\",\"image\":{\"@type\":\"ImageObject\",\"inLanguage\":\"en-US\",\"@id\":\"https:\\\/\\\/secure.gravatar.com\\\/avatar\\\/b6322670f810a641a921e7cb32311b55be881e37ed8fb867f643242c636b2b44?s=96&d=mm&r=g\",\"url\":\"https:\\\/\\\/secure.gravatar.com\\\/avatar\\\/b6322670f810a641a921e7cb32311b55be881e37ed8fb867f643242c636b2b44?s=96&d=mm&r=g\",\"contentUrl\":\"https:\\\/\\\/secure.gravatar.com\\\/avatar\\\/b6322670f810a641a921e7cb32311b55be881e37ed8fb867f643242c636b2b44?s=96&d=mm&r=g\",\"caption\":\"georgeachorn\"},\"url\":\"https:\\\/\\\/ooooiykyk.com\\\/audiarchives\\\/author\\\/georgeachorn\\\/\"}]}<\/script>\n<!-- \/ Yoast SEO plugin. -->","yoast_head_json":{"title":"Audi Front UW Jaray Replica (2012) - oooo411 Audi Reference","robots":{"index":"index","follow":"follow","max-snippet":"max-snippet:-1","max-image-preview":"max-image-preview:large","max-video-preview":"max-video-preview:-1"},"canonical":"https:\/\/ooooiykyk.com\/audiarchives\/2012\/04\/01\/audi-front-uw-jaray-replica-2012\/","og_locale":"en_US","og_type":"article","og_title":"Audi Front UW Jaray Replica (2012) - oooo411 Audi Reference","og_description":"In 2012, a reconstruction of the 1934 Audi Front UW Jaray was created for Audi UK in connection with an advertising campaign for the updated Audi A5.","og_url":"https:\/\/ooooiykyk.com\/audiarchives\/2012\/04\/01\/audi-front-uw-jaray-replica-2012\/","og_site_name":"oooo411 Audi Reference","article_published_time":"2012-04-01T18:13:00+00:00","article_modified_time":"2026-09-01T18:58:22+00:00","og_image":[{"width":2000,"height":1250,"url":"https:\/\/ooooiykyk.com\/audiarchives\/wp-content\/uploads\/sites\/2\/2012\/04\/2012-Audi-Type-UW-Front-Jaray-Stomlinien-Wagen-1445.jpg","type":"image\/jpeg"}],"author":"georgeachorn","twitter_card":"summary_large_image","twitter_misc":{"Written by":"georgeachorn","Est. reading time":"12 minutes"},"schema":{"@context":"https:\/\/schema.org","@graph":[{"@type":"Article","@id":"https:\/\/ooooiykyk.com\/audiarchives\/2012\/04\/01\/audi-front-uw-jaray-replica-2012\/#article","isPartOf":{"@id":"https:\/\/ooooiykyk.com\/audiarchives\/2012\/04\/01\/audi-front-uw-jaray-replica-2012\/"},"author":{"name":"georgeachorn","@id":"https:\/\/ooooiykyk.com\/audiarchives\/#\/schema\/person\/130f277be59b62a0ee49e51a09e0efcd"},"headline":"Audi Front UW Jaray Replica (2012)","datePublished":"2012-04-01T18:13:00+00:00","dateModified":"2026-09-01T18:58:22+00:00","mainEntityOfPage":{"@id":"https:\/\/ooooiykyk.com\/audiarchives\/2012\/04\/01\/audi-front-uw-jaray-replica-2012\/"},"wordCount":2343,"commentCount":0,"image":{"@id":"https:\/\/ooooiykyk.com\/audiarchives\/2012\/04\/01\/audi-front-uw-jaray-replica-2012\/#primaryimage"},"thumbnailUrl":"https:\/\/ooooiykyk.com\/audiarchives\/wp-content\/uploads\/sites\/2\/2012\/04\/2012-Audi-Type-UW-Front-Jaray-Stomlinien-Wagen-1445.jpg","keywords":["2012","2012 NEC Classic Motor Show","Audi museum mobile","Audi UK","August Horch Museum","BBH London","Front UW","Front UW Jaray","Jaray Stomlinienwagen","NEC Classic Motor Show","Paul Jaray","replica","The Swan","Windschnittig"],"articleSection":["Prototypes"],"inLanguage":"en-US","potentialAction":[{"@type":"CommentAction","name":"Comment","target":["https:\/\/ooooiykyk.com\/audiarchives\/2012\/04\/01\/audi-front-uw-jaray-replica-2012\/#respond"]}]},{"@type":"WebPage","@id":"https:\/\/ooooiykyk.com\/audiarchives\/2012\/04\/01\/audi-front-uw-jaray-replica-2012\/","url":"https:\/\/ooooiykyk.com\/audiarchives\/2012\/04\/01\/audi-front-uw-jaray-replica-2012\/","name":"Audi Front UW Jaray Replica (2012) - oooo411 Audi Reference","isPartOf":{"@id":"https:\/\/ooooiykyk.com\/audiarchives\/#website"},"primaryImageOfPage":{"@id":"https:\/\/ooooiykyk.com\/audiarchives\/2012\/04\/01\/audi-front-uw-jaray-replica-2012\/#primaryimage"},"image":{"@id":"https:\/\/ooooiykyk.com\/audiarchives\/2012\/04\/01\/audi-front-uw-jaray-replica-2012\/#primaryimage"},"thumbnailUrl":"https:\/\/ooooiykyk.com\/audiarchives\/wp-content\/uploads\/sites\/2\/2012\/04\/2012-Audi-Type-UW-Front-Jaray-Stomlinien-Wagen-1445.jpg","datePublished":"2012-04-01T18:13:00+00:00","dateModified":"2026-09-01T18:58:22+00:00","author":{"@id":"https:\/\/ooooiykyk.com\/audiarchives\/#\/schema\/person\/130f277be59b62a0ee49e51a09e0efcd"},"breadcrumb":{"@id":"https:\/\/ooooiykyk.com\/audiarchives\/2012\/04\/01\/audi-front-uw-jaray-replica-2012\/#breadcrumb"},"inLanguage":"en-US","potentialAction":[{"@type":"ReadAction","target":["https:\/\/ooooiykyk.com\/audiarchives\/2012\/04\/01\/audi-front-uw-jaray-replica-2012\/"]}]},{"@type":"ImageObject","inLanguage":"en-US","@id":"https:\/\/ooooiykyk.com\/audiarchives\/2012\/04\/01\/audi-front-uw-jaray-replica-2012\/#primaryimage","url":"https:\/\/ooooiykyk.com\/audiarchives\/wp-content\/uploads\/sites\/2\/2012\/04\/2012-Audi-Type-UW-Front-Jaray-Stomlinien-Wagen-1445.jpg","contentUrl":"https:\/\/ooooiykyk.com\/audiarchives\/wp-content\/uploads\/sites\/2\/2012\/04\/2012-Audi-Type-UW-Front-Jaray-Stomlinien-Wagen-1445.jpg","width":2000,"height":1250},{"@type":"BreadcrumbList","@id":"https:\/\/ooooiykyk.com\/audiarchives\/2012\/04\/01\/audi-front-uw-jaray-replica-2012\/#breadcrumb","itemListElement":[{"@type":"ListItem","position":1,"name":"Home","item":"https:\/\/ooooiykyk.com\/audiarchives\/"},{"@type":"ListItem","position":2,"name":"Audi Front UW Jaray Replica (2012)"}]},{"@type":"WebSite","@id":"https:\/\/ooooiykyk.com\/audiarchives\/#website","url":"https:\/\/ooooiykyk.com\/audiarchives\/","name":"oooo411 Audi Reference","description":"The oooo411 Audi Archives by ooooIYKYK","potentialAction":[{"@type":"SearchAction","target":{"@type":"EntryPoint","urlTemplate":"https:\/\/ooooiykyk.com\/audiarchives\/?s={search_term_string}"},"query-input":{"@type":"PropertyValueSpecification","valueRequired":true,"valueName":"search_term_string"}}],"inLanguage":"en-US"},{"@type":"Person","@id":"https:\/\/ooooiykyk.com\/audiarchives\/#\/schema\/person\/130f277be59b62a0ee49e51a09e0efcd","name":"georgeachorn","image":{"@type":"ImageObject","inLanguage":"en-US","@id":"https:\/\/secure.gravatar.com\/avatar\/b6322670f810a641a921e7cb32311b55be881e37ed8fb867f643242c636b2b44?s=96&d=mm&r=g","url":"https:\/\/secure.gravatar.com\/avatar\/b6322670f810a641a921e7cb32311b55be881e37ed8fb867f643242c636b2b44?s=96&d=mm&r=g","contentUrl":"https:\/\/secure.gravatar.com\/avatar\/b6322670f810a641a921e7cb32311b55be881e37ed8fb867f643242c636b2b44?s=96&d=mm&r=g","caption":"georgeachorn"},"url":"https:\/\/ooooiykyk.com\/audiarchives\/author\/georgeachorn\/"}]}},"_links":{"self":[{"href":"https:\/\/ooooiykyk.com\/audiarchives\/wp-json\/wp\/v2\/posts\/9681","targetHints":{"allow":["GET"]}}],"collection":[{"href":"https:\/\/ooooiykyk.com\/audiarchives\/wp-json\/wp\/v2\/posts"}],"about":[{"href":"https:\/\/ooooiykyk.com\/audiarchives\/wp-json\/wp\/v2\/types\/post"}],"author":[{"embeddable":true,"href":"https:\/\/ooooiykyk.com\/audiarchives\/wp-json\/wp\/v2\/users\/2"}],"replies":[{"embeddable":true,"href":"https:\/\/ooooiykyk.com\/audiarchives\/wp-json\/wp\/v2\/comments?post=9681"}],"version-history":[{"count":8,"href":"https:\/\/ooooiykyk.com\/audiarchives\/wp-json\/wp\/v2\/posts\/9681\/revisions"}],"predecessor-version":[{"id":9698,"href":"https:\/\/ooooiykyk.com\/audiarchives\/wp-json\/wp\/v2\/posts\/9681\/revisions\/9698"}],"wp:featuredmedia":[{"embeddable":true,"href":"https:\/\/ooooiykyk.com\/audiarchives\/wp-json\/wp\/v2\/media\/9683"}],"wp:attachment":[{"href":"https:\/\/ooooiykyk.com\/audiarchives\/wp-json\/wp\/v2\/media?parent=9681"}],"wp:term":[{"taxonomy":"category","embeddable":true,"href":"https:\/\/ooooiykyk.com\/audiarchives\/wp-json\/wp\/v2\/categories?post=9681"},{"taxonomy":"post_tag","embeddable":true,"href":"https:\/\/ooooiykyk.com\/audiarchives\/wp-json\/wp\/v2\/tags?post=9681"}],"curies":[{"name":"wp","href":"https:\/\/api.w.org\/{rel}","templated":true}]}}