{"id":6510,"date":"1974-03-12T02:37:00","date_gmt":"1974-03-12T02:37:00","guid":{"rendered":"https:\/\/ooooiykyk.com\/audiarchives\/?p=6510"},"modified":"2026-03-21T13:59:39","modified_gmt":"2026-03-21T13:59:39","slug":"audi-coupe-speciale-aud-1974","status":"publish","type":"post","link":"https:\/\/ooooiykyk.com\/audiarchives\/1974\/03\/12\/audi-coupe-speciale-aud-1974\/","title":{"rendered":"Audi Coup\u00e9 Speciale (1974)"},"content":{"rendered":"\n<p><strong>What:\u00a0<\/strong>Audi Coup\u00e9 Speciale Concept<br><strong>Model Family:<\/strong>\u00a0<a href=\"https:\/\/ooooiykyk.com\/audiarchives\/tag\/100\/\">100<\/a> (C1)<br><strong>Debuted:\u00a0<\/strong><a href=\"https:\/\/ooooiykyk.com\/audiarchives\/tag\/1974-geneva-motor-show\/\">1974 Geneva Motor Show<\/a><br><strong>Year:<\/strong>\u00a0<a href=\"https:\/\/ooooiykyk.com\/audiarchives\/tag\/1974\/\">1974<\/a><br><strong>Registration Plate: <\/strong>N\/A<br><strong>Design House:<\/strong> Frua (<a href=\"https:\/\/ooooiykyk.com\/audiarchives\/tag\/carrozzeria-pietro-frua\/\">Carrozzeria Pietro Frua<\/a>), Turin, Italy<br><strong>Designer:<\/strong> <a href=\"https:\/\/ooooiykyk.com\/audiarchives\/tag\/pietro-frua\/\">Pietro Frua<\/a><strong><br>Status:<\/strong> unknown<br><strong>Number Produced:<\/strong>\u00a01<br><strong>Model \/ Generation Code(s):<\/strong>\u00a0type <a href=\"https:\/\/ooooiykyk.com\/audiarchives\/tag\/f105\/\">F105<\/a><br><strong>Chassis \/ Matrix:<\/strong>\u00a0<a href=\"https:\/\/ooooiykyk.com\/audiarchives\/tag\/c1\/\">C1<\/a>, modified <a href=\"https:\/\/ooooiykyk.com\/audiarchives\/tag\/100-coupe-s\/\">100 Coup\u00e9 S<\/a><br><strong>Body Style:<\/strong> Two-door mid-engine sports coup\u00e9 concept<br><strong>Layout: <\/strong>Mid-engine (<a href=\"https:\/\/ooooiykyk.com\/audiarchives\/tag\/mittelmotor\/\">mittelmotor<\/a>), rear-wheel drive (concept conversion from Audi 100 Coup\u00e9 S platform)<br><strong>Engine:\u00a0<\/strong>1.9-liter inline-four gasoline engine (from Audi 100 Coup\u00e9 S)<br><strong>Transmission:<\/strong>\u00a04-speed manual<br><strong>Drivetrain: <\/strong>Rear-wheel drive (concept configuration)<br><strong>Cooling:<\/strong> Rear-mounted radiator with auxiliary airflow vents and engine cover slots<br><strong>Power:\u00a0<\/strong>unknown<br><strong>Weight:<\/strong>\u00a0unknown<br><strong>Acceleration (0-100 km \/ 62 mph:<\/strong>\u00a0unknown<br><strong>Length: <\/strong>unknown<br><strong>Width: <\/strong>unknown<br><strong>Height: <\/strong>unknown<br><strong>Wheelbase:<\/strong> unknown<br><strong>Body style: <\/strong>2-door Coup\u00e9<strong><br>Exterior Paint Color: <\/strong>unknown silver<br><strong>Wheels: <\/strong>4&#215;108<\/p>\n\n\n\n<figure class=\"wp-block-image size-full\"><img decoding=\"async\" width=\"2000\" height=\"1250\" src=\"https:\/\/ooooiykyk.com\/audiarchives\/wp-content\/uploads\/sites\/2\/2026\/03\/Audi_Mittelmotor_Frua2.jpg\" alt=\"\" class=\"wp-image-6519\" srcset=\"https:\/\/ooooiykyk.com\/audiarchives\/wp-content\/uploads\/sites\/2\/2026\/03\/Audi_Mittelmotor_Frua2.jpg 2000w, https:\/\/ooooiykyk.com\/audiarchives\/wp-content\/uploads\/sites\/2\/2026\/03\/Audi_Mittelmotor_Frua2-300x188.jpg 300w, https:\/\/ooooiykyk.com\/audiarchives\/wp-content\/uploads\/sites\/2\/2026\/03\/Audi_Mittelmotor_Frua2-1024x640.jpg 1024w, https:\/\/ooooiykyk.com\/audiarchives\/wp-content\/uploads\/sites\/2\/2026\/03\/Audi_Mittelmotor_Frua2-768x480.jpg 768w, https:\/\/ooooiykyk.com\/audiarchives\/wp-content\/uploads\/sites\/2\/2026\/03\/Audi_Mittelmotor_Frua2-1536x960.jpg 1536w, https:\/\/ooooiykyk.com\/audiarchives\/wp-content\/uploads\/sites\/2\/2026\/03\/Audi_Mittelmotor_Frua2-770x481.jpg 770w, https:\/\/ooooiykyk.com\/audiarchives\/wp-content\/uploads\/sites\/2\/2026\/03\/Audi_Mittelmotor_Frua2-1400x875.jpg 1400w\" sizes=\"(max-width: 2000px) 100vw, 2000px\" \/><\/figure>\n\n\n\n<p><\/p>\n\n\n\n<p><strong>MODEL DETAILS<\/strong><\/p>\n\n\n\n<p>The Audi Coup\u00e9 Speciale Mittelmotor concept was a speculative mid-engine sports car designed by Italian stylist&nbsp;Pietro Frua&nbsp;and unveiled at the 1974 Geneva Motor Show. The project was developed independently by Frua\u2019s Turin-based design studio rather than commissioned directly by Audi.<\/p>\n\n\n\n<p>The concept was created during a period when Frua was seeking new automotive clients following the conclusion of his work with&nbsp;BMW&nbsp;in the late 1960s. Italian design houses frequently produced such concept studies during the era as a means of demonstrating design direction and attracting future commissions.<\/p>\n\n\n\n<p>For the mechanical basis of the car, Frua utilized components from the&nbsp;Audi 100 Coup\u00e9 S. The production car\u2019s front-engine, front-wheel-drive layout was dramatically reconfigured into a mid-engine arrangement. The inline four-cylinder engine was mounted behind the passenger compartment, while the radiator was positioned immediately behind the cabin. Cooling air reached the engine through slots in the rear engine cover and distinctive vent openings located aft of the doors.<\/p>\n\n\n\n<figure class=\"wp-block-image size-full\"><img decoding=\"async\" width=\"2000\" height=\"1250\" src=\"https:\/\/ooooiykyk.com\/audiarchives\/wp-content\/uploads\/sites\/2\/2026\/03\/Audi_Mittelmotor_Coupe_am_Genfer_Salon_1974_-_Interieur.jpg\" alt=\"\" class=\"wp-image-6517\" srcset=\"https:\/\/ooooiykyk.com\/audiarchives\/wp-content\/uploads\/sites\/2\/2026\/03\/Audi_Mittelmotor_Coupe_am_Genfer_Salon_1974_-_Interieur.jpg 2000w, https:\/\/ooooiykyk.com\/audiarchives\/wp-content\/uploads\/sites\/2\/2026\/03\/Audi_Mittelmotor_Coupe_am_Genfer_Salon_1974_-_Interieur-300x188.jpg 300w, https:\/\/ooooiykyk.com\/audiarchives\/wp-content\/uploads\/sites\/2\/2026\/03\/Audi_Mittelmotor_Coupe_am_Genfer_Salon_1974_-_Interieur-1024x640.jpg 1024w, https:\/\/ooooiykyk.com\/audiarchives\/wp-content\/uploads\/sites\/2\/2026\/03\/Audi_Mittelmotor_Coupe_am_Genfer_Salon_1974_-_Interieur-768x480.jpg 768w, https:\/\/ooooiykyk.com\/audiarchives\/wp-content\/uploads\/sites\/2\/2026\/03\/Audi_Mittelmotor_Coupe_am_Genfer_Salon_1974_-_Interieur-1536x960.jpg 1536w, https:\/\/ooooiykyk.com\/audiarchives\/wp-content\/uploads\/sites\/2\/2026\/03\/Audi_Mittelmotor_Coupe_am_Genfer_Salon_1974_-_Interieur-770x481.jpg 770w, https:\/\/ooooiykyk.com\/audiarchives\/wp-content\/uploads\/sites\/2\/2026\/03\/Audi_Mittelmotor_Coupe_am_Genfer_Salon_1974_-_Interieur-1400x875.jpg 1400w\" sizes=\"(max-width: 2000px) 100vw, 2000px\" \/><\/figure>\n\n\n\n<p><\/p>\n\n\n\n<p>Packaging limitations inherent to the compact platform resulted in minimal luggage capacity. A small front luggage compartment was incorporated in the nose of the car, while a second shallow compartment was placed above the rear drivetrain.<\/p>\n\n\n\n<p>Stylistically, the Coup\u00e9 Speciale Mittelmotor reflected the wedge-shaped design language common among Italian concept cars of the early 1970s. The low nose, sharply angled roofline and distinctive rear pillar treatment echoed contemporary sports cars such as the&nbsp;Maserati Merak, though Frua\u2019s design remained comparatively restrained and elegant in its execution.<\/p>\n\n\n\n<p>Audi\u2019s own heritage department,&nbsp;Audi Tradition, has indicated that the concept was not developed in collaboration with the manufacturer. As a result, the car never progressed beyond the show-car stage. After its Geneva debut, the prototype disappeared from public view and its present location remains unknown.<\/p>\n\n\n\n<p>Despite its obscurity, the Coup\u00e9 Speciale Mittelmotor represents one of the earliest known mid-engine design studies to wear Audi\u2019s four rings in the <a href=\"https:\/\/ooooiykyk.com\/audiarchives\/1994\/10\/01\/audi-models-postwar-era\/\">postwar era<\/a>\u2014appearing more than thirty years before the company introduced the production mid-engine&nbsp;Audi R8.<\/p>\n\n\n\n<figure class=\"wp-block-image size-full\"><img decoding=\"async\" width=\"2000\" height=\"1250\" src=\"https:\/\/ooooiykyk.com\/audiarchives\/wp-content\/uploads\/sites\/2\/2026\/03\/1974_Frua_Audi_100S_Mittelmotor_Coupe_02.jpg\" alt=\"\" class=\"wp-image-6513\" srcset=\"https:\/\/ooooiykyk.com\/audiarchives\/wp-content\/uploads\/sites\/2\/2026\/03\/1974_Frua_Audi_100S_Mittelmotor_Coupe_02.jpg 2000w, https:\/\/ooooiykyk.com\/audiarchives\/wp-content\/uploads\/sites\/2\/2026\/03\/1974_Frua_Audi_100S_Mittelmotor_Coupe_02-300x188.jpg 300w, https:\/\/ooooiykyk.com\/audiarchives\/wp-content\/uploads\/sites\/2\/2026\/03\/1974_Frua_Audi_100S_Mittelmotor_Coupe_02-1024x640.jpg 1024w, https:\/\/ooooiykyk.com\/audiarchives\/wp-content\/uploads\/sites\/2\/2026\/03\/1974_Frua_Audi_100S_Mittelmotor_Coupe_02-768x480.jpg 768w, https:\/\/ooooiykyk.com\/audiarchives\/wp-content\/uploads\/sites\/2\/2026\/03\/1974_Frua_Audi_100S_Mittelmotor_Coupe_02-1536x960.jpg 1536w, https:\/\/ooooiykyk.com\/audiarchives\/wp-content\/uploads\/sites\/2\/2026\/03\/1974_Frua_Audi_100S_Mittelmotor_Coupe_02-770x481.jpg 770w, https:\/\/ooooiykyk.com\/audiarchives\/wp-content\/uploads\/sites\/2\/2026\/03\/1974_Frua_Audi_100S_Mittelmotor_Coupe_02-1400x875.jpg 1400w\" sizes=\"(max-width: 2000px) 100vw, 2000px\" \/><\/figure>\n\n\n\n<p><\/p>\n\n\n\n<p><strong>LEGACY<\/strong><\/p>\n\n\n\n<p>Though never developed beyond the show-car stage, the Audi Coup\u00e9 Speciale Mittelmotor remains a fascinating example of the speculative design culture that defined the European motor-show circuit of the 1970s. The concept also serves as an early exploration of a mid-engine Audi sports car architecture\u2014an idea that would not reach production reality until the introduction of the Audi R8 in 2006.<\/p>\n\n\n\n<figure class=\"wp-block-image size-full\"><img decoding=\"async\" width=\"2000\" height=\"1250\" src=\"https:\/\/ooooiykyk.com\/audiarchives\/wp-content\/uploads\/sites\/2\/2026\/03\/1974_Frua_Audi_100S_Mittelmotor_Coupe_01B.jpg\" alt=\"\" class=\"wp-image-6512\" srcset=\"https:\/\/ooooiykyk.com\/audiarchives\/wp-content\/uploads\/sites\/2\/2026\/03\/1974_Frua_Audi_100S_Mittelmotor_Coupe_01B.jpg 2000w, https:\/\/ooooiykyk.com\/audiarchives\/wp-content\/uploads\/sites\/2\/2026\/03\/1974_Frua_Audi_100S_Mittelmotor_Coupe_01B-300x188.jpg 300w, https:\/\/ooooiykyk.com\/audiarchives\/wp-content\/uploads\/sites\/2\/2026\/03\/1974_Frua_Audi_100S_Mittelmotor_Coupe_01B-1024x640.jpg 1024w, https:\/\/ooooiykyk.com\/audiarchives\/wp-content\/uploads\/sites\/2\/2026\/03\/1974_Frua_Audi_100S_Mittelmotor_Coupe_01B-768x480.jpg 768w, https:\/\/ooooiykyk.com\/audiarchives\/wp-content\/uploads\/sites\/2\/2026\/03\/1974_Frua_Audi_100S_Mittelmotor_Coupe_01B-1536x960.jpg 1536w, https:\/\/ooooiykyk.com\/audiarchives\/wp-content\/uploads\/sites\/2\/2026\/03\/1974_Frua_Audi_100S_Mittelmotor_Coupe_01B-770x481.jpg 770w, https:\/\/ooooiykyk.com\/audiarchives\/wp-content\/uploads\/sites\/2\/2026\/03\/1974_Frua_Audi_100S_Mittelmotor_Coupe_01B-1400x875.jpg 1400w\" sizes=\"(max-width: 2000px) 100vw, 2000px\" \/><\/figure>\n\n\n\n<p><\/p>\n\n\n\n<p><strong>SOURCES<\/strong><br><a href=\"https:\/\/pietro-frua.de\" target=\"_blank\" rel=\"noreferrer noopener\">Pietro Frua design archive (pietro-frua.de)<\/a><br><a href=\"https:\/\/audiclubna.org\/spotlight-1974-audi-coupe-speciale-mittelmotor-concept-by-frua\/\" target=\"_blank\" rel=\"noreferrer noopener\">Spotlight: 1974 Audi Coupe Speciale Mittelmotor Concept by Frua &#8211; Audi Club North America<\/a><\/p>\n\n\n\n<p><strong>PHOTO GALLERY<\/strong><\/p>\n\n\n\n<figure class=\"wp-block-gallery has-nested-images columns-3 is-cropped wp-block-gallery-1 is-layout-flex wp-block-gallery-is-layout-flex\">\n<figure data-wp-context=\"{&quot;imageId&quot;:&quot;69f49f01679e0&quot;}\" data-wp-interactive=\"core\/image\" data-wp-key=\"69f49f01679e0\" class=\"wp-block-image size-large wp-lightbox-container\"><img decoding=\"async\" width=\"1024\" height=\"640\" data-wp-class--hide=\"state.isContentHidden\" data-wp-class--show=\"state.isContentVisible\" data-wp-init=\"callbacks.setButtonStyles\" data-wp-on--click=\"actions.showLightbox\" data-wp-on--load=\"callbacks.setButtonStyles\" data-wp-on-window--resize=\"callbacks.setButtonStyles\" data-id=\"6511\" src=\"https:\/\/ooooiykyk.com\/audiarchives\/wp-content\/uploads\/sites\/2\/2026\/03\/1974_Frua_Audi_100S_Mittelmotor_Coupe_01-1024x640.jpg\" alt=\"\" class=\"wp-image-6511\" srcset=\"https:\/\/ooooiykyk.com\/audiarchives\/wp-content\/uploads\/sites\/2\/2026\/03\/1974_Frua_Audi_100S_Mittelmotor_Coupe_01-1024x640.jpg 1024w, https:\/\/ooooiykyk.com\/audiarchives\/wp-content\/uploads\/sites\/2\/2026\/03\/1974_Frua_Audi_100S_Mittelmotor_Coupe_01-300x188.jpg 300w, https:\/\/ooooiykyk.com\/audiarchives\/wp-content\/uploads\/sites\/2\/2026\/03\/1974_Frua_Audi_100S_Mittelmotor_Coupe_01-768x480.jpg 768w, https:\/\/ooooiykyk.com\/audiarchives\/wp-content\/uploads\/sites\/2\/2026\/03\/1974_Frua_Audi_100S_Mittelmotor_Coupe_01-1536x960.jpg 1536w, https:\/\/ooooiykyk.com\/audiarchives\/wp-content\/uploads\/sites\/2\/2026\/03\/1974_Frua_Audi_100S_Mittelmotor_Coupe_01-770x481.jpg 770w, https:\/\/ooooiykyk.com\/audiarchives\/wp-content\/uploads\/sites\/2\/2026\/03\/1974_Frua_Audi_100S_Mittelmotor_Coupe_01-1400x875.jpg 1400w, https:\/\/ooooiykyk.com\/audiarchives\/wp-content\/uploads\/sites\/2\/2026\/03\/1974_Frua_Audi_100S_Mittelmotor_Coupe_01.jpg 2000w\" sizes=\"(max-width: 1024px) 100vw, 1024px\" \/><button\n\t\t\tclass=\"lightbox-trigger\"\n\t\t\ttype=\"button\"\n\t\t\taria-haspopup=\"dialog\"\n\t\t\taria-label=\"Enlarge\"\n\t\t\tdata-wp-init=\"callbacks.initTriggerButton\"\n\t\t\tdata-wp-on--click=\"actions.showLightbox\"\n\t\t\tdata-wp-style--right=\"state.imageButtonRight\"\n\t\t\tdata-wp-style--top=\"state.imageButtonTop\"\n\t\t>\n\t\t\t<svg xmlns=\"http:\/\/www.w3.org\/2000\/svg\" width=\"12\" height=\"12\" fill=\"none\" viewBox=\"0 0 12 12\">\n\t\t\t\t<path fill=\"#fff\" d=\"M2 0a2 2 0 0 0-2 2v2h1.5V2a.5.5 0 0 1 .5-.5h2V0H2Zm2 10.5H2a.5.5 0 0 1-.5-.5V8H0v2a2 2 0 0 0 2 2h2v-1.5ZM8 12v-1.5h2a.5.5 0 0 0 .5-.5V8H12v2a2 2 0 0 1-2 2H8Zm2-12a2 2 0 0 1 2 2v2h-1.5V2a.5.5 0 0 0-.5-.5H8V0h2Z\" \/>\n\t\t\t<\/svg>\n\t\t<\/button><\/figure>\n\n\n\n<figure data-wp-context=\"{&quot;imageId&quot;:&quot;69f49f0167e2a&quot;}\" data-wp-interactive=\"core\/image\" data-wp-key=\"69f49f0167e2a\" class=\"wp-block-image size-large wp-lightbox-container\"><img decoding=\"async\" width=\"1024\" height=\"640\" data-wp-class--hide=\"state.isContentHidden\" data-wp-class--show=\"state.isContentVisible\" data-wp-init=\"callbacks.setButtonStyles\" data-wp-on--click=\"actions.showLightbox\" data-wp-on--load=\"callbacks.setButtonStyles\" data-wp-on-window--resize=\"callbacks.setButtonStyles\" data-id=\"6512\" src=\"https:\/\/ooooiykyk.com\/audiarchives\/wp-content\/uploads\/sites\/2\/2026\/03\/1974_Frua_Audi_100S_Mittelmotor_Coupe_01B-1024x640.jpg\" alt=\"\" class=\"wp-image-6512\" srcset=\"https:\/\/ooooiykyk.com\/audiarchives\/wp-content\/uploads\/sites\/2\/2026\/03\/1974_Frua_Audi_100S_Mittelmotor_Coupe_01B-1024x640.jpg 1024w, https:\/\/ooooiykyk.com\/audiarchives\/wp-content\/uploads\/sites\/2\/2026\/03\/1974_Frua_Audi_100S_Mittelmotor_Coupe_01B-300x188.jpg 300w, https:\/\/ooooiykyk.com\/audiarchives\/wp-content\/uploads\/sites\/2\/2026\/03\/1974_Frua_Audi_100S_Mittelmotor_Coupe_01B-768x480.jpg 768w, https:\/\/ooooiykyk.com\/audiarchives\/wp-content\/uploads\/sites\/2\/2026\/03\/1974_Frua_Audi_100S_Mittelmotor_Coupe_01B-1536x960.jpg 1536w, https:\/\/ooooiykyk.com\/audiarchives\/wp-content\/uploads\/sites\/2\/2026\/03\/1974_Frua_Audi_100S_Mittelmotor_Coupe_01B-770x481.jpg 770w, https:\/\/ooooiykyk.com\/audiarchives\/wp-content\/uploads\/sites\/2\/2026\/03\/1974_Frua_Audi_100S_Mittelmotor_Coupe_01B-1400x875.jpg 1400w, https:\/\/ooooiykyk.com\/audiarchives\/wp-content\/uploads\/sites\/2\/2026\/03\/1974_Frua_Audi_100S_Mittelmotor_Coupe_01B.jpg 2000w\" sizes=\"(max-width: 1024px) 100vw, 1024px\" \/><button\n\t\t\tclass=\"lightbox-trigger\"\n\t\t\ttype=\"button\"\n\t\t\taria-haspopup=\"dialog\"\n\t\t\taria-label=\"Enlarge\"\n\t\t\tdata-wp-init=\"callbacks.initTriggerButton\"\n\t\t\tdata-wp-on--click=\"actions.showLightbox\"\n\t\t\tdata-wp-style--right=\"state.imageButtonRight\"\n\t\t\tdata-wp-style--top=\"state.imageButtonTop\"\n\t\t>\n\t\t\t<svg xmlns=\"http:\/\/www.w3.org\/2000\/svg\" width=\"12\" height=\"12\" fill=\"none\" viewBox=\"0 0 12 12\">\n\t\t\t\t<path fill=\"#fff\" d=\"M2 0a2 2 0 0 0-2 2v2h1.5V2a.5.5 0 0 1 .5-.5h2V0H2Zm2 10.5H2a.5.5 0 0 1-.5-.5V8H0v2a2 2 0 0 0 2 2h2v-1.5ZM8 12v-1.5h2a.5.5 0 0 0 .5-.5V8H12v2a2 2 0 0 1-2 2H8Zm2-12a2 2 0 0 1 2 2v2h-1.5V2a.5.5 0 0 0-.5-.5H8V0h2Z\" \/>\n\t\t\t<\/svg>\n\t\t<\/button><\/figure>\n\n\n\n<figure data-wp-context=\"{&quot;imageId&quot;:&quot;69f49f0168198&quot;}\" data-wp-interactive=\"core\/image\" data-wp-key=\"69f49f0168198\" class=\"wp-block-image size-large wp-lightbox-container\"><img decoding=\"async\" width=\"1024\" height=\"640\" data-wp-class--hide=\"state.isContentHidden\" data-wp-class--show=\"state.isContentVisible\" data-wp-init=\"callbacks.setButtonStyles\" data-wp-on--click=\"actions.showLightbox\" data-wp-on--load=\"callbacks.setButtonStyles\" data-wp-on-window--resize=\"callbacks.setButtonStyles\" data-id=\"6513\" src=\"https:\/\/ooooiykyk.com\/audiarchives\/wp-content\/uploads\/sites\/2\/2026\/03\/1974_Frua_Audi_100S_Mittelmotor_Coupe_02-1024x640.jpg\" alt=\"\" class=\"wp-image-6513\" srcset=\"https:\/\/ooooiykyk.com\/audiarchives\/wp-content\/uploads\/sites\/2\/2026\/03\/1974_Frua_Audi_100S_Mittelmotor_Coupe_02-1024x640.jpg 1024w, https:\/\/ooooiykyk.com\/audiarchives\/wp-content\/uploads\/sites\/2\/2026\/03\/1974_Frua_Audi_100S_Mittelmotor_Coupe_02-300x188.jpg 300w, https:\/\/ooooiykyk.com\/audiarchives\/wp-content\/uploads\/sites\/2\/2026\/03\/1974_Frua_Audi_100S_Mittelmotor_Coupe_02-768x480.jpg 768w, https:\/\/ooooiykyk.com\/audiarchives\/wp-content\/uploads\/sites\/2\/2026\/03\/1974_Frua_Audi_100S_Mittelmotor_Coupe_02-1536x960.jpg 1536w, https:\/\/ooooiykyk.com\/audiarchives\/wp-content\/uploads\/sites\/2\/2026\/03\/1974_Frua_Audi_100S_Mittelmotor_Coupe_02-770x481.jpg 770w, https:\/\/ooooiykyk.com\/audiarchives\/wp-content\/uploads\/sites\/2\/2026\/03\/1974_Frua_Audi_100S_Mittelmotor_Coupe_02-1400x875.jpg 1400w, https:\/\/ooooiykyk.com\/audiarchives\/wp-content\/uploads\/sites\/2\/2026\/03\/1974_Frua_Audi_100S_Mittelmotor_Coupe_02.jpg 2000w\" sizes=\"(max-width: 1024px) 100vw, 1024px\" \/><button\n\t\t\tclass=\"lightbox-trigger\"\n\t\t\ttype=\"button\"\n\t\t\taria-haspopup=\"dialog\"\n\t\t\taria-label=\"Enlarge\"\n\t\t\tdata-wp-init=\"callbacks.initTriggerButton\"\n\t\t\tdata-wp-on--click=\"actions.showLightbox\"\n\t\t\tdata-wp-style--right=\"state.imageButtonRight\"\n\t\t\tdata-wp-style--top=\"state.imageButtonTop\"\n\t\t>\n\t\t\t<svg xmlns=\"http:\/\/www.w3.org\/2000\/svg\" width=\"12\" height=\"12\" fill=\"none\" viewBox=\"0 0 12 12\">\n\t\t\t\t<path fill=\"#fff\" d=\"M2 0a2 2 0 0 0-2 2v2h1.5V2a.5.5 0 0 1 .5-.5h2V0H2Zm2 10.5H2a.5.5 0 0 1-.5-.5V8H0v2a2 2 0 0 0 2 2h2v-1.5ZM8 12v-1.5h2a.5.5 0 0 0 .5-.5V8H12v2a2 2 0 0 1-2 2H8Zm2-12a2 2 0 0 1 2 2v2h-1.5V2a.5.5 0 0 0-.5-.5H8V0h2Z\" \/>\n\t\t\t<\/svg>\n\t\t<\/button><\/figure>\n\n\n\n<figure data-wp-context=\"{&quot;imageId&quot;:&quot;69f49f016852f&quot;}\" data-wp-interactive=\"core\/image\" data-wp-key=\"69f49f016852f\" class=\"wp-block-image size-large wp-lightbox-container\"><img decoding=\"async\" width=\"1024\" height=\"640\" data-wp-class--hide=\"state.isContentHidden\" data-wp-class--show=\"state.isContentVisible\" data-wp-init=\"callbacks.setButtonStyles\" data-wp-on--click=\"actions.showLightbox\" data-wp-on--load=\"callbacks.setButtonStyles\" data-wp-on-window--resize=\"callbacks.setButtonStyles\" data-id=\"6514\" src=\"https:\/\/ooooiykyk.com\/audiarchives\/wp-content\/uploads\/sites\/2\/2026\/03\/Audi_100S_Mittelmotor_Frua_Thum-1024x640.jpg\" alt=\"\" class=\"wp-image-6514\" srcset=\"https:\/\/ooooiykyk.com\/audiarchives\/wp-content\/uploads\/sites\/2\/2026\/03\/Audi_100S_Mittelmotor_Frua_Thum-1024x640.jpg 1024w, https:\/\/ooooiykyk.com\/audiarchives\/wp-content\/uploads\/sites\/2\/2026\/03\/Audi_100S_Mittelmotor_Frua_Thum-300x188.jpg 300w, https:\/\/ooooiykyk.com\/audiarchives\/wp-content\/uploads\/sites\/2\/2026\/03\/Audi_100S_Mittelmotor_Frua_Thum-768x480.jpg 768w, https:\/\/ooooiykyk.com\/audiarchives\/wp-content\/uploads\/sites\/2\/2026\/03\/Audi_100S_Mittelmotor_Frua_Thum-1536x960.jpg 1536w, https:\/\/ooooiykyk.com\/audiarchives\/wp-content\/uploads\/sites\/2\/2026\/03\/Audi_100S_Mittelmotor_Frua_Thum-770x481.jpg 770w, https:\/\/ooooiykyk.com\/audiarchives\/wp-content\/uploads\/sites\/2\/2026\/03\/Audi_100S_Mittelmotor_Frua_Thum-1400x875.jpg 1400w, https:\/\/ooooiykyk.com\/audiarchives\/wp-content\/uploads\/sites\/2\/2026\/03\/Audi_100S_Mittelmotor_Frua_Thum.jpg 2000w\" sizes=\"(max-width: 1024px) 100vw, 1024px\" \/><button\n\t\t\tclass=\"lightbox-trigger\"\n\t\t\ttype=\"button\"\n\t\t\taria-haspopup=\"dialog\"\n\t\t\taria-label=\"Enlarge\"\n\t\t\tdata-wp-init=\"callbacks.initTriggerButton\"\n\t\t\tdata-wp-on--click=\"actions.showLightbox\"\n\t\t\tdata-wp-style--right=\"state.imageButtonRight\"\n\t\t\tdata-wp-style--top=\"state.imageButtonTop\"\n\t\t>\n\t\t\t<svg xmlns=\"http:\/\/www.w3.org\/2000\/svg\" width=\"12\" height=\"12\" fill=\"none\" viewBox=\"0 0 12 12\">\n\t\t\t\t<path fill=\"#fff\" d=\"M2 0a2 2 0 0 0-2 2v2h1.5V2a.5.5 0 0 1 .5-.5h2V0H2Zm2 10.5H2a.5.5 0 0 1-.5-.5V8H0v2a2 2 0 0 0 2 2h2v-1.5ZM8 12v-1.5h2a.5.5 0 0 0 .5-.5V8H12v2a2 2 0 0 1-2 2H8Zm2-12a2 2 0 0 1 2 2v2h-1.5V2a.5.5 0 0 0-.5-.5H8V0h2Z\" \/>\n\t\t\t<\/svg>\n\t\t<\/button><\/figure>\n\n\n\n<figure data-wp-context=\"{&quot;imageId&quot;:&quot;69f49f01688a3&quot;}\" data-wp-interactive=\"core\/image\" data-wp-key=\"69f49f01688a3\" class=\"wp-block-image size-large wp-lightbox-container\"><img decoding=\"async\" width=\"1024\" height=\"640\" data-wp-class--hide=\"state.isContentHidden\" data-wp-class--show=\"state.isContentVisible\" data-wp-init=\"callbacks.setButtonStyles\" data-wp-on--click=\"actions.showLightbox\" data-wp-on--load=\"callbacks.setButtonStyles\" data-wp-on-window--resize=\"callbacks.setButtonStyles\" data-id=\"6515\" src=\"https:\/\/ooooiykyk.com\/audiarchives\/wp-content\/uploads\/sites\/2\/2026\/03\/Audi_Frua_Mittelmotor-1024x640.jpg\" alt=\"\" class=\"wp-image-6515\" srcset=\"https:\/\/ooooiykyk.com\/audiarchives\/wp-content\/uploads\/sites\/2\/2026\/03\/Audi_Frua_Mittelmotor-1024x640.jpg 1024w, https:\/\/ooooiykyk.com\/audiarchives\/wp-content\/uploads\/sites\/2\/2026\/03\/Audi_Frua_Mittelmotor-300x188.jpg 300w, https:\/\/ooooiykyk.com\/audiarchives\/wp-content\/uploads\/sites\/2\/2026\/03\/Audi_Frua_Mittelmotor-768x480.jpg 768w, https:\/\/ooooiykyk.com\/audiarchives\/wp-content\/uploads\/sites\/2\/2026\/03\/Audi_Frua_Mittelmotor-1536x960.jpg 1536w, https:\/\/ooooiykyk.com\/audiarchives\/wp-content\/uploads\/sites\/2\/2026\/03\/Audi_Frua_Mittelmotor-770x481.jpg 770w, https:\/\/ooooiykyk.com\/audiarchives\/wp-content\/uploads\/sites\/2\/2026\/03\/Audi_Frua_Mittelmotor-1400x875.jpg 1400w, https:\/\/ooooiykyk.com\/audiarchives\/wp-content\/uploads\/sites\/2\/2026\/03\/Audi_Frua_Mittelmotor.jpg 2000w\" sizes=\"(max-width: 1024px) 100vw, 1024px\" \/><button\n\t\t\tclass=\"lightbox-trigger\"\n\t\t\ttype=\"button\"\n\t\t\taria-haspopup=\"dialog\"\n\t\t\taria-label=\"Enlarge\"\n\t\t\tdata-wp-init=\"callbacks.initTriggerButton\"\n\t\t\tdata-wp-on--click=\"actions.showLightbox\"\n\t\t\tdata-wp-style--right=\"state.imageButtonRight\"\n\t\t\tdata-wp-style--top=\"state.imageButtonTop\"\n\t\t>\n\t\t\t<svg xmlns=\"http:\/\/www.w3.org\/2000\/svg\" width=\"12\" height=\"12\" fill=\"none\" viewBox=\"0 0 12 12\">\n\t\t\t\t<path fill=\"#fff\" d=\"M2 0a2 2 0 0 0-2 2v2h1.5V2a.5.5 0 0 1 .5-.5h2V0H2Zm2 10.5H2a.5.5 0 0 1-.5-.5V8H0v2a2 2 0 0 0 2 2h2v-1.5ZM8 12v-1.5h2a.5.5 0 0 0 .5-.5V8H12v2a2 2 0 0 1-2 2H8Zm2-12a2 2 0 0 1 2 2v2h-1.5V2a.5.5 0 0 0-.5-.5H8V0h2Z\" \/>\n\t\t\t<\/svg>\n\t\t<\/button><\/figure>\n\n\n\n<figure data-wp-context=\"{&quot;imageId&quot;:&quot;69f49f0168c19&quot;}\" data-wp-interactive=\"core\/image\" data-wp-key=\"69f49f0168c19\" class=\"wp-block-image size-large wp-lightbox-container\"><img decoding=\"async\" width=\"1024\" height=\"640\" data-wp-class--hide=\"state.isContentHidden\" data-wp-class--show=\"state.isContentVisible\" data-wp-init=\"callbacks.setButtonStyles\" data-wp-on--click=\"actions.showLightbox\" data-wp-on--load=\"callbacks.setButtonStyles\" data-wp-on-window--resize=\"callbacks.setButtonStyles\" data-id=\"6516\" src=\"https:\/\/ooooiykyk.com\/audiarchives\/wp-content\/uploads\/sites\/2\/2026\/03\/Audi_Mittelmotor_Coupe_am_Genfer_Salon_1974_-_aussen-1024x640.jpg\" alt=\"\" class=\"wp-image-6516\" srcset=\"https:\/\/ooooiykyk.com\/audiarchives\/wp-content\/uploads\/sites\/2\/2026\/03\/Audi_Mittelmotor_Coupe_am_Genfer_Salon_1974_-_aussen-1024x640.jpg 1024w, https:\/\/ooooiykyk.com\/audiarchives\/wp-content\/uploads\/sites\/2\/2026\/03\/Audi_Mittelmotor_Coupe_am_Genfer_Salon_1974_-_aussen-300x188.jpg 300w, https:\/\/ooooiykyk.com\/audiarchives\/wp-content\/uploads\/sites\/2\/2026\/03\/Audi_Mittelmotor_Coupe_am_Genfer_Salon_1974_-_aussen-768x480.jpg 768w, https:\/\/ooooiykyk.com\/audiarchives\/wp-content\/uploads\/sites\/2\/2026\/03\/Audi_Mittelmotor_Coupe_am_Genfer_Salon_1974_-_aussen-1536x960.jpg 1536w, https:\/\/ooooiykyk.com\/audiarchives\/wp-content\/uploads\/sites\/2\/2026\/03\/Audi_Mittelmotor_Coupe_am_Genfer_Salon_1974_-_aussen-770x481.jpg 770w, https:\/\/ooooiykyk.com\/audiarchives\/wp-content\/uploads\/sites\/2\/2026\/03\/Audi_Mittelmotor_Coupe_am_Genfer_Salon_1974_-_aussen-1400x875.jpg 1400w, https:\/\/ooooiykyk.com\/audiarchives\/wp-content\/uploads\/sites\/2\/2026\/03\/Audi_Mittelmotor_Coupe_am_Genfer_Salon_1974_-_aussen.jpg 2000w\" sizes=\"(max-width: 1024px) 100vw, 1024px\" \/><button\n\t\t\tclass=\"lightbox-trigger\"\n\t\t\ttype=\"button\"\n\t\t\taria-haspopup=\"dialog\"\n\t\t\taria-label=\"Enlarge\"\n\t\t\tdata-wp-init=\"callbacks.initTriggerButton\"\n\t\t\tdata-wp-on--click=\"actions.showLightbox\"\n\t\t\tdata-wp-style--right=\"state.imageButtonRight\"\n\t\t\tdata-wp-style--top=\"state.imageButtonTop\"\n\t\t>\n\t\t\t<svg xmlns=\"http:\/\/www.w3.org\/2000\/svg\" width=\"12\" height=\"12\" fill=\"none\" viewBox=\"0 0 12 12\">\n\t\t\t\t<path fill=\"#fff\" d=\"M2 0a2 2 0 0 0-2 2v2h1.5V2a.5.5 0 0 1 .5-.5h2V0H2Zm2 10.5H2a.5.5 0 0 1-.5-.5V8H0v2a2 2 0 0 0 2 2h2v-1.5ZM8 12v-1.5h2a.5.5 0 0 0 .5-.5V8H12v2a2 2 0 0 1-2 2H8Zm2-12a2 2 0 0 1 2 2v2h-1.5V2a.5.5 0 0 0-.5-.5H8V0h2Z\" \/>\n\t\t\t<\/svg>\n\t\t<\/button><\/figure>\n\n\n\n<figure data-wp-context=\"{&quot;imageId&quot;:&quot;69f49f0168f8a&quot;}\" data-wp-interactive=\"core\/image\" data-wp-key=\"69f49f0168f8a\" class=\"wp-block-image size-large wp-lightbox-container\"><img decoding=\"async\" width=\"1024\" height=\"640\" data-wp-class--hide=\"state.isContentHidden\" data-wp-class--show=\"state.isContentVisible\" data-wp-init=\"callbacks.setButtonStyles\" data-wp-on--click=\"actions.showLightbox\" data-wp-on--load=\"callbacks.setButtonStyles\" data-wp-on-window--resize=\"callbacks.setButtonStyles\" data-id=\"6518\" src=\"https:\/\/ooooiykyk.com\/audiarchives\/wp-content\/uploads\/sites\/2\/2026\/03\/Audi_Mittelmotor_Frua-1024x640.jpg\" alt=\"\" class=\"wp-image-6518\" srcset=\"https:\/\/ooooiykyk.com\/audiarchives\/wp-content\/uploads\/sites\/2\/2026\/03\/Audi_Mittelmotor_Frua-1024x640.jpg 1024w, https:\/\/ooooiykyk.com\/audiarchives\/wp-content\/uploads\/sites\/2\/2026\/03\/Audi_Mittelmotor_Frua-300x188.jpg 300w, https:\/\/ooooiykyk.com\/audiarchives\/wp-content\/uploads\/sites\/2\/2026\/03\/Audi_Mittelmotor_Frua-768x480.jpg 768w, https:\/\/ooooiykyk.com\/audiarchives\/wp-content\/uploads\/sites\/2\/2026\/03\/Audi_Mittelmotor_Frua-1536x960.jpg 1536w, https:\/\/ooooiykyk.com\/audiarchives\/wp-content\/uploads\/sites\/2\/2026\/03\/Audi_Mittelmotor_Frua-770x481.jpg 770w, https:\/\/ooooiykyk.com\/audiarchives\/wp-content\/uploads\/sites\/2\/2026\/03\/Audi_Mittelmotor_Frua-1400x875.jpg 1400w, https:\/\/ooooiykyk.com\/audiarchives\/wp-content\/uploads\/sites\/2\/2026\/03\/Audi_Mittelmotor_Frua.jpg 2000w\" sizes=\"(max-width: 1024px) 100vw, 1024px\" \/><button\n\t\t\tclass=\"lightbox-trigger\"\n\t\t\ttype=\"button\"\n\t\t\taria-haspopup=\"dialog\"\n\t\t\taria-label=\"Enlarge\"\n\t\t\tdata-wp-init=\"callbacks.initTriggerButton\"\n\t\t\tdata-wp-on--click=\"actions.showLightbox\"\n\t\t\tdata-wp-style--right=\"state.imageButtonRight\"\n\t\t\tdata-wp-style--top=\"state.imageButtonTop\"\n\t\t>\n\t\t\t<svg xmlns=\"http:\/\/www.w3.org\/2000\/svg\" width=\"12\" height=\"12\" fill=\"none\" viewBox=\"0 0 12 12\">\n\t\t\t\t<path fill=\"#fff\" d=\"M2 0a2 2 0 0 0-2 2v2h1.5V2a.5.5 0 0 1 .5-.5h2V0H2Zm2 10.5H2a.5.5 0 0 1-.5-.5V8H0v2a2 2 0 0 0 2 2h2v-1.5ZM8 12v-1.5h2a.5.5 0 0 0 .5-.5V8H12v2a2 2 0 0 1-2 2H8Zm2-12a2 2 0 0 1 2 2v2h-1.5V2a.5.5 0 0 0-.5-.5H8V0h2Z\" \/>\n\t\t\t<\/svg>\n\t\t<\/button><\/figure>\n\n\n\n<figure data-wp-context=\"{&quot;imageId&quot;:&quot;69f49f01692f7&quot;}\" data-wp-interactive=\"core\/image\" data-wp-key=\"69f49f01692f7\" class=\"wp-block-image size-large wp-lightbox-container\"><img decoding=\"async\" width=\"1024\" height=\"640\" data-wp-class--hide=\"state.isContentHidden\" data-wp-class--show=\"state.isContentVisible\" data-wp-init=\"callbacks.setButtonStyles\" data-wp-on--click=\"actions.showLightbox\" data-wp-on--load=\"callbacks.setButtonStyles\" data-wp-on-window--resize=\"callbacks.setButtonStyles\" data-id=\"6519\" src=\"https:\/\/ooooiykyk.com\/audiarchives\/wp-content\/uploads\/sites\/2\/2026\/03\/Audi_Mittelmotor_Frua2-1024x640.jpg\" alt=\"\" class=\"wp-image-6519\" srcset=\"https:\/\/ooooiykyk.com\/audiarchives\/wp-content\/uploads\/sites\/2\/2026\/03\/Audi_Mittelmotor_Frua2-1024x640.jpg 1024w, https:\/\/ooooiykyk.com\/audiarchives\/wp-content\/uploads\/sites\/2\/2026\/03\/Audi_Mittelmotor_Frua2-300x188.jpg 300w, https:\/\/ooooiykyk.com\/audiarchives\/wp-content\/uploads\/sites\/2\/2026\/03\/Audi_Mittelmotor_Frua2-768x480.jpg 768w, https:\/\/ooooiykyk.com\/audiarchives\/wp-content\/uploads\/sites\/2\/2026\/03\/Audi_Mittelmotor_Frua2-1536x960.jpg 1536w, https:\/\/ooooiykyk.com\/audiarchives\/wp-content\/uploads\/sites\/2\/2026\/03\/Audi_Mittelmotor_Frua2-770x481.jpg 770w, https:\/\/ooooiykyk.com\/audiarchives\/wp-content\/uploads\/sites\/2\/2026\/03\/Audi_Mittelmotor_Frua2-1400x875.jpg 1400w, https:\/\/ooooiykyk.com\/audiarchives\/wp-content\/uploads\/sites\/2\/2026\/03\/Audi_Mittelmotor_Frua2.jpg 2000w\" sizes=\"(max-width: 1024px) 100vw, 1024px\" \/><button\n\t\t\tclass=\"lightbox-trigger\"\n\t\t\ttype=\"button\"\n\t\t\taria-haspopup=\"dialog\"\n\t\t\taria-label=\"Enlarge\"\n\t\t\tdata-wp-init=\"callbacks.initTriggerButton\"\n\t\t\tdata-wp-on--click=\"actions.showLightbox\"\n\t\t\tdata-wp-style--right=\"state.imageButtonRight\"\n\t\t\tdata-wp-style--top=\"state.imageButtonTop\"\n\t\t>\n\t\t\t<svg xmlns=\"http:\/\/www.w3.org\/2000\/svg\" width=\"12\" height=\"12\" fill=\"none\" viewBox=\"0 0 12 12\">\n\t\t\t\t<path fill=\"#fff\" d=\"M2 0a2 2 0 0 0-2 2v2h1.5V2a.5.5 0 0 1 .5-.5h2V0H2Zm2 10.5H2a.5.5 0 0 1-.5-.5V8H0v2a2 2 0 0 0 2 2h2v-1.5ZM8 12v-1.5h2a.5.5 0 0 0 .5-.5V8H12v2a2 2 0 0 1-2 2H8Zm2-12a2 2 0 0 1 2 2v2h-1.5V2a.5.5 0 0 0-.5-.5H8V0h2Z\" \/>\n\t\t\t<\/svg>\n\t\t<\/button><\/figure>\n\n\n\n<figure data-wp-context=\"{&quot;imageId&quot;:&quot;69f49f016969c&quot;}\" data-wp-interactive=\"core\/image\" data-wp-key=\"69f49f016969c\" class=\"wp-block-image size-large wp-lightbox-container\"><img decoding=\"async\" width=\"1024\" height=\"640\" data-wp-class--hide=\"state.isContentHidden\" data-wp-class--show=\"state.isContentVisible\" data-wp-init=\"callbacks.setButtonStyles\" data-wp-on--click=\"actions.showLightbox\" data-wp-on--load=\"callbacks.setButtonStyles\" data-wp-on-window--resize=\"callbacks.setButtonStyles\" data-id=\"6520\" src=\"https:\/\/ooooiykyk.com\/audiarchives\/wp-content\/uploads\/sites\/2\/2026\/03\/Audi_Mittelmotor_Frua3-1024x640.jpg\" alt=\"\" class=\"wp-image-6520\" srcset=\"https:\/\/ooooiykyk.com\/audiarchives\/wp-content\/uploads\/sites\/2\/2026\/03\/Audi_Mittelmotor_Frua3-1024x640.jpg 1024w, https:\/\/ooooiykyk.com\/audiarchives\/wp-content\/uploads\/sites\/2\/2026\/03\/Audi_Mittelmotor_Frua3-300x188.jpg 300w, https:\/\/ooooiykyk.com\/audiarchives\/wp-content\/uploads\/sites\/2\/2026\/03\/Audi_Mittelmotor_Frua3-768x480.jpg 768w, https:\/\/ooooiykyk.com\/audiarchives\/wp-content\/uploads\/sites\/2\/2026\/03\/Audi_Mittelmotor_Frua3-1536x960.jpg 1536w, https:\/\/ooooiykyk.com\/audiarchives\/wp-content\/uploads\/sites\/2\/2026\/03\/Audi_Mittelmotor_Frua3-770x481.jpg 770w, https:\/\/ooooiykyk.com\/audiarchives\/wp-content\/uploads\/sites\/2\/2026\/03\/Audi_Mittelmotor_Frua3-1400x875.jpg 1400w, https:\/\/ooooiykyk.com\/audiarchives\/wp-content\/uploads\/sites\/2\/2026\/03\/Audi_Mittelmotor_Frua3.jpg 2000w\" sizes=\"(max-width: 1024px) 100vw, 1024px\" \/><button\n\t\t\tclass=\"lightbox-trigger\"\n\t\t\ttype=\"button\"\n\t\t\taria-haspopup=\"dialog\"\n\t\t\taria-label=\"Enlarge\"\n\t\t\tdata-wp-init=\"callbacks.initTriggerButton\"\n\t\t\tdata-wp-on--click=\"actions.showLightbox\"\n\t\t\tdata-wp-style--right=\"state.imageButtonRight\"\n\t\t\tdata-wp-style--top=\"state.imageButtonTop\"\n\t\t>\n\t\t\t<svg xmlns=\"http:\/\/www.w3.org\/2000\/svg\" width=\"12\" height=\"12\" fill=\"none\" viewBox=\"0 0 12 12\">\n\t\t\t\t<path fill=\"#fff\" d=\"M2 0a2 2 0 0 0-2 2v2h1.5V2a.5.5 0 0 1 .5-.5h2V0H2Zm2 10.5H2a.5.5 0 0 1-.5-.5V8H0v2a2 2 0 0 0 2 2h2v-1.5ZM8 12v-1.5h2a.5.5 0 0 0 .5-.5V8H12v2a2 2 0 0 1-2 2H8Zm2-12a2 2 0 0 1 2 2v2h-1.5V2a.5.5 0 0 0-.5-.5H8V0h2Z\" \/>\n\t\t\t<\/svg>\n\t\t<\/button><\/figure>\n\n\n\n<figure data-wp-context=\"{&quot;imageId&quot;:&quot;69f49f0169a08&quot;}\" data-wp-interactive=\"core\/image\" data-wp-key=\"69f49f0169a08\" class=\"wp-block-image size-large wp-lightbox-container\"><img decoding=\"async\" width=\"1024\" height=\"640\" data-wp-class--hide=\"state.isContentHidden\" data-wp-class--show=\"state.isContentVisible\" data-wp-init=\"callbacks.setButtonStyles\" data-wp-on--click=\"actions.showLightbox\" data-wp-on--load=\"callbacks.setButtonStyles\" data-wp-on-window--resize=\"callbacks.setButtonStyles\" data-id=\"6531\" src=\"https:\/\/ooooiykyk.com\/audiarchives\/wp-content\/uploads\/sites\/2\/1974\/03\/1974-Audi-Frua-Coupe-Speciale-Mittelmotor-Concept-460-1024x640.jpg\" alt=\"\" class=\"wp-image-6531\" srcset=\"https:\/\/ooooiykyk.com\/audiarchives\/wp-content\/uploads\/sites\/2\/1974\/03\/1974-Audi-Frua-Coupe-Speciale-Mittelmotor-Concept-460-1024x640.jpg 1024w, https:\/\/ooooiykyk.com\/audiarchives\/wp-content\/uploads\/sites\/2\/1974\/03\/1974-Audi-Frua-Coupe-Speciale-Mittelmotor-Concept-460-300x188.jpg 300w, https:\/\/ooooiykyk.com\/audiarchives\/wp-content\/uploads\/sites\/2\/1974\/03\/1974-Audi-Frua-Coupe-Speciale-Mittelmotor-Concept-460-768x480.jpg 768w, https:\/\/ooooiykyk.com\/audiarchives\/wp-content\/uploads\/sites\/2\/1974\/03\/1974-Audi-Frua-Coupe-Speciale-Mittelmotor-Concept-460-1536x960.jpg 1536w, https:\/\/ooooiykyk.com\/audiarchives\/wp-content\/uploads\/sites\/2\/1974\/03\/1974-Audi-Frua-Coupe-Speciale-Mittelmotor-Concept-460-770x481.jpg 770w, https:\/\/ooooiykyk.com\/audiarchives\/wp-content\/uploads\/sites\/2\/1974\/03\/1974-Audi-Frua-Coupe-Speciale-Mittelmotor-Concept-460-1400x875.jpg 1400w, https:\/\/ooooiykyk.com\/audiarchives\/wp-content\/uploads\/sites\/2\/1974\/03\/1974-Audi-Frua-Coupe-Speciale-Mittelmotor-Concept-460.jpg 2000w\" sizes=\"(max-width: 1024px) 100vw, 1024px\" \/><button\n\t\t\tclass=\"lightbox-trigger\"\n\t\t\ttype=\"button\"\n\t\t\taria-haspopup=\"dialog\"\n\t\t\taria-label=\"Enlarge\"\n\t\t\tdata-wp-init=\"callbacks.initTriggerButton\"\n\t\t\tdata-wp-on--click=\"actions.showLightbox\"\n\t\t\tdata-wp-style--right=\"state.imageButtonRight\"\n\t\t\tdata-wp-style--top=\"state.imageButtonTop\"\n\t\t>\n\t\t\t<svg xmlns=\"http:\/\/www.w3.org\/2000\/svg\" width=\"12\" height=\"12\" fill=\"none\" viewBox=\"0 0 12 12\">\n\t\t\t\t<path fill=\"#fff\" d=\"M2 0a2 2 0 0 0-2 2v2h1.5V2a.5.5 0 0 1 .5-.5h2V0H2Zm2 10.5H2a.5.5 0 0 1-.5-.5V8H0v2a2 2 0 0 0 2 2h2v-1.5ZM8 12v-1.5h2a.5.5 0 0 0 .5-.5V8H12v2a2 2 0 0 1-2 2H8Zm2-12a2 2 0 0 1 2 2v2h-1.5V2a.5.5 0 0 0-.5-.5H8V0h2Z\" \/>\n\t\t\t<\/svg>\n\t\t<\/button><\/figure>\n\n\n\n<figure data-wp-context=\"{&quot;imageId&quot;:&quot;69f49f0169d72&quot;}\" data-wp-interactive=\"core\/image\" data-wp-key=\"69f49f0169d72\" class=\"wp-block-image size-large wp-lightbox-container\"><img decoding=\"async\" width=\"1024\" height=\"640\" data-wp-class--hide=\"state.isContentHidden\" data-wp-class--show=\"state.isContentVisible\" data-wp-init=\"callbacks.setButtonStyles\" data-wp-on--click=\"actions.showLightbox\" data-wp-on--load=\"callbacks.setButtonStyles\" data-wp-on-window--resize=\"callbacks.setButtonStyles\" data-id=\"6532\" src=\"https:\/\/ooooiykyk.com\/audiarchives\/wp-content\/uploads\/sites\/2\/1974\/03\/1974-Audi-Frua-Coupe-Speciale-Mittelmotor-Concept-461-1024x640.jpg\" alt=\"\" class=\"wp-image-6532\" srcset=\"https:\/\/ooooiykyk.com\/audiarchives\/wp-content\/uploads\/sites\/2\/1974\/03\/1974-Audi-Frua-Coupe-Speciale-Mittelmotor-Concept-461-1024x640.jpg 1024w, https:\/\/ooooiykyk.com\/audiarchives\/wp-content\/uploads\/sites\/2\/1974\/03\/1974-Audi-Frua-Coupe-Speciale-Mittelmotor-Concept-461-300x188.jpg 300w, https:\/\/ooooiykyk.com\/audiarchives\/wp-content\/uploads\/sites\/2\/1974\/03\/1974-Audi-Frua-Coupe-Speciale-Mittelmotor-Concept-461-768x480.jpg 768w, https:\/\/ooooiykyk.com\/audiarchives\/wp-content\/uploads\/sites\/2\/1974\/03\/1974-Audi-Frua-Coupe-Speciale-Mittelmotor-Concept-461-1536x960.jpg 1536w, https:\/\/ooooiykyk.com\/audiarchives\/wp-content\/uploads\/sites\/2\/1974\/03\/1974-Audi-Frua-Coupe-Speciale-Mittelmotor-Concept-461-770x481.jpg 770w, https:\/\/ooooiykyk.com\/audiarchives\/wp-content\/uploads\/sites\/2\/1974\/03\/1974-Audi-Frua-Coupe-Speciale-Mittelmotor-Concept-461-1400x875.jpg 1400w, https:\/\/ooooiykyk.com\/audiarchives\/wp-content\/uploads\/sites\/2\/1974\/03\/1974-Audi-Frua-Coupe-Speciale-Mittelmotor-Concept-461.jpg 2000w\" sizes=\"(max-width: 1024px) 100vw, 1024px\" \/><button\n\t\t\tclass=\"lightbox-trigger\"\n\t\t\ttype=\"button\"\n\t\t\taria-haspopup=\"dialog\"\n\t\t\taria-label=\"Enlarge\"\n\t\t\tdata-wp-init=\"callbacks.initTriggerButton\"\n\t\t\tdata-wp-on--click=\"actions.showLightbox\"\n\t\t\tdata-wp-style--right=\"state.imageButtonRight\"\n\t\t\tdata-wp-style--top=\"state.imageButtonTop\"\n\t\t>\n\t\t\t<svg xmlns=\"http:\/\/www.w3.org\/2000\/svg\" width=\"12\" height=\"12\" fill=\"none\" viewBox=\"0 0 12 12\">\n\t\t\t\t<path fill=\"#fff\" d=\"M2 0a2 2 0 0 0-2 2v2h1.5V2a.5.5 0 0 1 .5-.5h2V0H2Zm2 10.5H2a.5.5 0 0 1-.5-.5V8H0v2a2 2 0 0 0 2 2h2v-1.5ZM8 12v-1.5h2a.5.5 0 0 0 .5-.5V8H12v2a2 2 0 0 1-2 2H8Zm2-12a2 2 0 0 1 2 2v2h-1.5V2a.5.5 0 0 0-.5-.5H8V0h2Z\" \/>\n\t\t\t<\/svg>\n\t\t<\/button><\/figure>\n\n\n\n<figure data-wp-context=\"{&quot;imageId&quot;:&quot;69f49f016a124&quot;}\" data-wp-interactive=\"core\/image\" data-wp-key=\"69f49f016a124\" class=\"wp-block-image size-large wp-lightbox-container\"><img decoding=\"async\" width=\"1024\" height=\"640\" data-wp-class--hide=\"state.isContentHidden\" data-wp-class--show=\"state.isContentVisible\" data-wp-init=\"callbacks.setButtonStyles\" data-wp-on--click=\"actions.showLightbox\" data-wp-on--load=\"callbacks.setButtonStyles\" data-wp-on-window--resize=\"callbacks.setButtonStyles\" data-id=\"6533\" src=\"https:\/\/ooooiykyk.com\/audiarchives\/wp-content\/uploads\/sites\/2\/1974\/03\/1974-Audi-Frua-Coupe-Speciale-Mittelmotor-Concept-462-1024x640.jpg\" alt=\"\" class=\"wp-image-6533\" srcset=\"https:\/\/ooooiykyk.com\/audiarchives\/wp-content\/uploads\/sites\/2\/1974\/03\/1974-Audi-Frua-Coupe-Speciale-Mittelmotor-Concept-462-1024x640.jpg 1024w, https:\/\/ooooiykyk.com\/audiarchives\/wp-content\/uploads\/sites\/2\/1974\/03\/1974-Audi-Frua-Coupe-Speciale-Mittelmotor-Concept-462-300x188.jpg 300w, https:\/\/ooooiykyk.com\/audiarchives\/wp-content\/uploads\/sites\/2\/1974\/03\/1974-Audi-Frua-Coupe-Speciale-Mittelmotor-Concept-462-768x480.jpg 768w, https:\/\/ooooiykyk.com\/audiarchives\/wp-content\/uploads\/sites\/2\/1974\/03\/1974-Audi-Frua-Coupe-Speciale-Mittelmotor-Concept-462-1536x960.jpg 1536w, https:\/\/ooooiykyk.com\/audiarchives\/wp-content\/uploads\/sites\/2\/1974\/03\/1974-Audi-Frua-Coupe-Speciale-Mittelmotor-Concept-462-770x481.jpg 770w, https:\/\/ooooiykyk.com\/audiarchives\/wp-content\/uploads\/sites\/2\/1974\/03\/1974-Audi-Frua-Coupe-Speciale-Mittelmotor-Concept-462-1400x875.jpg 1400w, https:\/\/ooooiykyk.com\/audiarchives\/wp-content\/uploads\/sites\/2\/1974\/03\/1974-Audi-Frua-Coupe-Speciale-Mittelmotor-Concept-462.jpg 2000w\" sizes=\"(max-width: 1024px) 100vw, 1024px\" \/><button\n\t\t\tclass=\"lightbox-trigger\"\n\t\t\ttype=\"button\"\n\t\t\taria-haspopup=\"dialog\"\n\t\t\taria-label=\"Enlarge\"\n\t\t\tdata-wp-init=\"callbacks.initTriggerButton\"\n\t\t\tdata-wp-on--click=\"actions.showLightbox\"\n\t\t\tdata-wp-style--right=\"state.imageButtonRight\"\n\t\t\tdata-wp-style--top=\"state.imageButtonTop\"\n\t\t>\n\t\t\t<svg xmlns=\"http:\/\/www.w3.org\/2000\/svg\" width=\"12\" height=\"12\" fill=\"none\" viewBox=\"0 0 12 12\">\n\t\t\t\t<path fill=\"#fff\" d=\"M2 0a2 2 0 0 0-2 2v2h1.5V2a.5.5 0 0 1 .5-.5h2V0H2Zm2 10.5H2a.5.5 0 0 1-.5-.5V8H0v2a2 2 0 0 0 2 2h2v-1.5ZM8 12v-1.5h2a.5.5 0 0 0 .5-.5V8H12v2a2 2 0 0 1-2 2H8Zm2-12a2 2 0 0 1 2 2v2h-1.5V2a.5.5 0 0 0-.5-.5H8V0h2Z\" \/>\n\t\t\t<\/svg>\n\t\t<\/button><\/figure>\n\n\n\n<figure data-wp-context=\"{&quot;imageId&quot;:&quot;69f49f016a4dd&quot;}\" data-wp-interactive=\"core\/image\" data-wp-key=\"69f49f016a4dd\" class=\"wp-block-image size-large wp-lightbox-container\"><img decoding=\"async\" width=\"1024\" height=\"640\" data-wp-class--hide=\"state.isContentHidden\" data-wp-class--show=\"state.isContentVisible\" data-wp-init=\"callbacks.setButtonStyles\" data-wp-on--click=\"actions.showLightbox\" data-wp-on--load=\"callbacks.setButtonStyles\" data-wp-on-window--resize=\"callbacks.setButtonStyles\" data-id=\"6535\" src=\"https:\/\/ooooiykyk.com\/audiarchives\/wp-content\/uploads\/sites\/2\/1974\/03\/1974-Audi-Frua-Coupe-Speciale-Mittelmotor-Concept-464-1024x640.jpg\" alt=\"\" class=\"wp-image-6535\" srcset=\"https:\/\/ooooiykyk.com\/audiarchives\/wp-content\/uploads\/sites\/2\/1974\/03\/1974-Audi-Frua-Coupe-Speciale-Mittelmotor-Concept-464-1024x640.jpg 1024w, https:\/\/ooooiykyk.com\/audiarchives\/wp-content\/uploads\/sites\/2\/1974\/03\/1974-Audi-Frua-Coupe-Speciale-Mittelmotor-Concept-464-300x188.jpg 300w, https:\/\/ooooiykyk.com\/audiarchives\/wp-content\/uploads\/sites\/2\/1974\/03\/1974-Audi-Frua-Coupe-Speciale-Mittelmotor-Concept-464-768x480.jpg 768w, https:\/\/ooooiykyk.com\/audiarchives\/wp-content\/uploads\/sites\/2\/1974\/03\/1974-Audi-Frua-Coupe-Speciale-Mittelmotor-Concept-464-1536x960.jpg 1536w, https:\/\/ooooiykyk.com\/audiarchives\/wp-content\/uploads\/sites\/2\/1974\/03\/1974-Audi-Frua-Coupe-Speciale-Mittelmotor-Concept-464-770x481.jpg 770w, https:\/\/ooooiykyk.com\/audiarchives\/wp-content\/uploads\/sites\/2\/1974\/03\/1974-Audi-Frua-Coupe-Speciale-Mittelmotor-Concept-464-1400x875.jpg 1400w, https:\/\/ooooiykyk.com\/audiarchives\/wp-content\/uploads\/sites\/2\/1974\/03\/1974-Audi-Frua-Coupe-Speciale-Mittelmotor-Concept-464.jpg 2000w\" sizes=\"(max-width: 1024px) 100vw, 1024px\" \/><button\n\t\t\tclass=\"lightbox-trigger\"\n\t\t\ttype=\"button\"\n\t\t\taria-haspopup=\"dialog\"\n\t\t\taria-label=\"Enlarge\"\n\t\t\tdata-wp-init=\"callbacks.initTriggerButton\"\n\t\t\tdata-wp-on--click=\"actions.showLightbox\"\n\t\t\tdata-wp-style--right=\"state.imageButtonRight\"\n\t\t\tdata-wp-style--top=\"state.imageButtonTop\"\n\t\t>\n\t\t\t<svg xmlns=\"http:\/\/www.w3.org\/2000\/svg\" width=\"12\" height=\"12\" fill=\"none\" viewBox=\"0 0 12 12\">\n\t\t\t\t<path fill=\"#fff\" d=\"M2 0a2 2 0 0 0-2 2v2h1.5V2a.5.5 0 0 1 .5-.5h2V0H2Zm2 10.5H2a.5.5 0 0 1-.5-.5V8H0v2a2 2 0 0 0 2 2h2v-1.5ZM8 12v-1.5h2a.5.5 0 0 0 .5-.5V8H12v2a2 2 0 0 1-2 2H8Zm2-12a2 2 0 0 1 2 2v2h-1.5V2a.5.5 0 0 0-.5-.5H8V0h2Z\" \/>\n\t\t\t<\/svg>\n\t\t<\/button><\/figure>\n\n\n\n<figure data-wp-context=\"{&quot;imageId&quot;:&quot;69f49f016a86a&quot;}\" data-wp-interactive=\"core\/image\" data-wp-key=\"69f49f016a86a\" class=\"wp-block-image size-large wp-lightbox-container\"><img decoding=\"async\" width=\"1024\" height=\"640\" data-wp-class--hide=\"state.isContentHidden\" data-wp-class--show=\"state.isContentVisible\" data-wp-init=\"callbacks.setButtonStyles\" data-wp-on--click=\"actions.showLightbox\" data-wp-on--load=\"callbacks.setButtonStyles\" data-wp-on-window--resize=\"callbacks.setButtonStyles\" data-id=\"6536\" src=\"https:\/\/ooooiykyk.com\/audiarchives\/wp-content\/uploads\/sites\/2\/1974\/03\/1974-Audi-Frua-Coupe-Speciale-Mittelmotor-Concept-465-1024x640.jpg\" alt=\"\" class=\"wp-image-6536\" srcset=\"https:\/\/ooooiykyk.com\/audiarchives\/wp-content\/uploads\/sites\/2\/1974\/03\/1974-Audi-Frua-Coupe-Speciale-Mittelmotor-Concept-465-1024x640.jpg 1024w, https:\/\/ooooiykyk.com\/audiarchives\/wp-content\/uploads\/sites\/2\/1974\/03\/1974-Audi-Frua-Coupe-Speciale-Mittelmotor-Concept-465-300x188.jpg 300w, https:\/\/ooooiykyk.com\/audiarchives\/wp-content\/uploads\/sites\/2\/1974\/03\/1974-Audi-Frua-Coupe-Speciale-Mittelmotor-Concept-465-768x480.jpg 768w, https:\/\/ooooiykyk.com\/audiarchives\/wp-content\/uploads\/sites\/2\/1974\/03\/1974-Audi-Frua-Coupe-Speciale-Mittelmotor-Concept-465-1536x960.jpg 1536w, https:\/\/ooooiykyk.com\/audiarchives\/wp-content\/uploads\/sites\/2\/1974\/03\/1974-Audi-Frua-Coupe-Speciale-Mittelmotor-Concept-465-770x481.jpg 770w, https:\/\/ooooiykyk.com\/audiarchives\/wp-content\/uploads\/sites\/2\/1974\/03\/1974-Audi-Frua-Coupe-Speciale-Mittelmotor-Concept-465-1400x875.jpg 1400w, https:\/\/ooooiykyk.com\/audiarchives\/wp-content\/uploads\/sites\/2\/1974\/03\/1974-Audi-Frua-Coupe-Speciale-Mittelmotor-Concept-465.jpg 2000w\" sizes=\"(max-width: 1024px) 100vw, 1024px\" \/><button\n\t\t\tclass=\"lightbox-trigger\"\n\t\t\ttype=\"button\"\n\t\t\taria-haspopup=\"dialog\"\n\t\t\taria-label=\"Enlarge\"\n\t\t\tdata-wp-init=\"callbacks.initTriggerButton\"\n\t\t\tdata-wp-on--click=\"actions.showLightbox\"\n\t\t\tdata-wp-style--right=\"state.imageButtonRight\"\n\t\t\tdata-wp-style--top=\"state.imageButtonTop\"\n\t\t>\n\t\t\t<svg xmlns=\"http:\/\/www.w3.org\/2000\/svg\" width=\"12\" height=\"12\" fill=\"none\" viewBox=\"0 0 12 12\">\n\t\t\t\t<path fill=\"#fff\" d=\"M2 0a2 2 0 0 0-2 2v2h1.5V2a.5.5 0 0 1 .5-.5h2V0H2Zm2 10.5H2a.5.5 0 0 1-.5-.5V8H0v2a2 2 0 0 0 2 2h2v-1.5ZM8 12v-1.5h2a.5.5 0 0 0 .5-.5V8H12v2a2 2 0 0 1-2 2H8Zm2-12a2 2 0 0 1 2 2v2h-1.5V2a.5.5 0 0 0-.5-.5H8V0h2Z\" \/>\n\t\t\t<\/svg>\n\t\t<\/button><\/figure>\n\n\n\n<figure data-wp-context=\"{&quot;imageId&quot;:&quot;69f49f016abb7&quot;}\" data-wp-interactive=\"core\/image\" data-wp-key=\"69f49f016abb7\" class=\"wp-block-image size-large wp-lightbox-container\"><img decoding=\"async\" width=\"1024\" height=\"640\" data-wp-class--hide=\"state.isContentHidden\" data-wp-class--show=\"state.isContentVisible\" data-wp-init=\"callbacks.setButtonStyles\" data-wp-on--click=\"actions.showLightbox\" data-wp-on--load=\"callbacks.setButtonStyles\" data-wp-on-window--resize=\"callbacks.setButtonStyles\" data-id=\"6534\" src=\"https:\/\/ooooiykyk.com\/audiarchives\/wp-content\/uploads\/sites\/2\/1974\/03\/1974-Audi-Frua-Coupe-Speciale-Mittelmotor-Concept-463-1024x640.jpg\" alt=\"\" class=\"wp-image-6534\" srcset=\"https:\/\/ooooiykyk.com\/audiarchives\/wp-content\/uploads\/sites\/2\/1974\/03\/1974-Audi-Frua-Coupe-Speciale-Mittelmotor-Concept-463-1024x640.jpg 1024w, https:\/\/ooooiykyk.com\/audiarchives\/wp-content\/uploads\/sites\/2\/1974\/03\/1974-Audi-Frua-Coupe-Speciale-Mittelmotor-Concept-463-300x188.jpg 300w, https:\/\/ooooiykyk.com\/audiarchives\/wp-content\/uploads\/sites\/2\/1974\/03\/1974-Audi-Frua-Coupe-Speciale-Mittelmotor-Concept-463-768x480.jpg 768w, https:\/\/ooooiykyk.com\/audiarchives\/wp-content\/uploads\/sites\/2\/1974\/03\/1974-Audi-Frua-Coupe-Speciale-Mittelmotor-Concept-463-1536x960.jpg 1536w, https:\/\/ooooiykyk.com\/audiarchives\/wp-content\/uploads\/sites\/2\/1974\/03\/1974-Audi-Frua-Coupe-Speciale-Mittelmotor-Concept-463-770x481.jpg 770w, https:\/\/ooooiykyk.com\/audiarchives\/wp-content\/uploads\/sites\/2\/1974\/03\/1974-Audi-Frua-Coupe-Speciale-Mittelmotor-Concept-463-1400x875.jpg 1400w, https:\/\/ooooiykyk.com\/audiarchives\/wp-content\/uploads\/sites\/2\/1974\/03\/1974-Audi-Frua-Coupe-Speciale-Mittelmotor-Concept-463.jpg 2000w\" sizes=\"(max-width: 1024px) 100vw, 1024px\" \/><button\n\t\t\tclass=\"lightbox-trigger\"\n\t\t\ttype=\"button\"\n\t\t\taria-haspopup=\"dialog\"\n\t\t\taria-label=\"Enlarge\"\n\t\t\tdata-wp-init=\"callbacks.initTriggerButton\"\n\t\t\tdata-wp-on--click=\"actions.showLightbox\"\n\t\t\tdata-wp-style--right=\"state.imageButtonRight\"\n\t\t\tdata-wp-style--top=\"state.imageButtonTop\"\n\t\t>\n\t\t\t<svg xmlns=\"http:\/\/www.w3.org\/2000\/svg\" width=\"12\" height=\"12\" fill=\"none\" viewBox=\"0 0 12 12\">\n\t\t\t\t<path fill=\"#fff\" d=\"M2 0a2 2 0 0 0-2 2v2h1.5V2a.5.5 0 0 1 .5-.5h2V0H2Zm2 10.5H2a.5.5 0 0 1-.5-.5V8H0v2a2 2 0 0 0 2 2h2v-1.5ZM8 12v-1.5h2a.5.5 0 0 0 .5-.5V8H12v2a2 2 0 0 1-2 2H8Zm2-12a2 2 0 0 1 2 2v2h-1.5V2a.5.5 0 0 0-.5-.5H8V0h2Z\" \/>\n\t\t\t<\/svg>\n\t\t<\/button><\/figure>\n<\/figure>\n","protected":false},"excerpt":{"rendered":"<p>The Audi Coup\u00e9 Speciale Mittelmotor concept was a speculative mid-engine sports car designed by Italian stylist\u00a0Pietro Frua\u00a0and unveiled at the 1974 Geneva Motor Show. <\/p>\n","protected":false},"author":2,"featured_media":6520,"comment_status":"open","ping_status":"open","sticky":false,"template":"","format":"standard","meta":{"footnotes":""},"categories":[6],"tags":[152,1117,96,1112,153,1124,1125,1111,1079,1113,158,709,1114,1110],"class_list":["post-6510","post","type-post","status-publish","format-standard","has-post-thumbnail","hentry","category-concept-cars-design-studies","tag-152","tag-100-coupe-s","tag-96","tag-1974-geneva-motor-show","tag-c1","tag-c1-100-coupe-s","tag-c1-5-100-coupe-s","tag-carrozzeria-pietro-frua","tag-coupe-s","tag-coupe-speciale-concept","tag-f105","tag-geneva-motor-show","tag-mittelmotor","tag-pietro-frua"],"yoast_head":"<!-- This site is optimized with the Yoast SEO plugin v27.5 - https:\/\/yoast.com\/product\/yoast-seo-wordpress\/ -->\n<title>Audi Coup\u00e9 Speciale (1974) - oooo411 Audi Reference<\/title>\n<meta name=\"robots\" content=\"index, follow, max-snippet:-1, max-image-preview:large, max-video-preview:-1\" \/>\n<link rel=\"canonical\" href=\"https:\/\/ooooiykyk.com\/audiarchives\/1974\/03\/12\/audi-coupe-speciale-aud-1974\/\" \/>\n<meta property=\"og:locale\" content=\"en_US\" \/>\n<meta property=\"og:type\" content=\"article\" \/>\n<meta property=\"og:title\" content=\"Audi Coup\u00e9 Speciale (1974) - oooo411 Audi Reference\" \/>\n<meta property=\"og:description\" content=\"The Audi Coup\u00e9 Speciale Mittelmotor concept was a speculative mid-engine sports car designed by Italian stylist\u00a0Pietro Frua\u00a0and unveiled at the 1974 Geneva Motor Show.\" \/>\n<meta property=\"og:url\" content=\"https:\/\/ooooiykyk.com\/audiarchives\/1974\/03\/12\/audi-coupe-speciale-aud-1974\/\" \/>\n<meta property=\"og:site_name\" content=\"oooo411 Audi Reference\" \/>\n<meta property=\"article:published_time\" content=\"1974-03-12T02:37:00+00:00\" \/>\n<meta property=\"article:modified_time\" content=\"2026-03-21T13:59:39+00:00\" \/>\n<meta property=\"og:image\" content=\"https:\/\/ooooiykyk.com\/audiarchives\/wp-content\/uploads\/sites\/2\/2026\/03\/Audi_Mittelmotor_Frua3.jpg\" \/>\n\t<meta property=\"og:image:width\" content=\"2000\" \/>\n\t<meta property=\"og:image:height\" content=\"1250\" \/>\n\t<meta property=\"og:image:type\" content=\"image\/jpeg\" \/>\n<meta name=\"author\" content=\"georgeachorn\" \/>\n<meta name=\"twitter:card\" content=\"summary_large_image\" \/>\n<meta name=\"twitter:label1\" content=\"Written by\" \/>\n\t<meta name=\"twitter:data1\" content=\"georgeachorn\" \/>\n\t<meta name=\"twitter:label2\" content=\"Est. reading time\" \/>\n\t<meta name=\"twitter:data2\" content=\"7 minutes\" \/>\n<script type=\"application\/ld+json\" class=\"yoast-schema-graph\">{\"@context\":\"https:\\\/\\\/schema.org\",\"@graph\":[{\"@type\":\"Article\",\"@id\":\"https:\\\/\\\/ooooiykyk.com\\\/audiarchives\\\/1974\\\/03\\\/12\\\/audi-coupe-speciale-aud-1974\\\/#article\",\"isPartOf\":{\"@id\":\"https:\\\/\\\/ooooiykyk.com\\\/audiarchives\\\/1974\\\/03\\\/12\\\/audi-coupe-speciale-aud-1974\\\/\"},\"author\":{\"name\":\"georgeachorn\",\"@id\":\"https:\\\/\\\/ooooiykyk.com\\\/audiarchives\\\/#\\\/schema\\\/person\\\/130f277be59b62a0ee49e51a09e0efcd\"},\"headline\":\"Audi Coup\u00e9 Speciale (1974)\",\"datePublished\":\"1974-03-12T02:37:00+00:00\",\"dateModified\":\"2026-03-21T13:59:39+00:00\",\"mainEntityOfPage\":{\"@id\":\"https:\\\/\\\/ooooiykyk.com\\\/audiarchives\\\/1974\\\/03\\\/12\\\/audi-coupe-speciale-aud-1974\\\/\"},\"wordCount\":549,\"commentCount\":0,\"image\":{\"@id\":\"https:\\\/\\\/ooooiykyk.com\\\/audiarchives\\\/1974\\\/03\\\/12\\\/audi-coupe-speciale-aud-1974\\\/#primaryimage\"},\"thumbnailUrl\":\"https:\\\/\\\/ooooiykyk.com\\\/audiarchives\\\/wp-content\\\/uploads\\\/sites\\\/2\\\/2026\\\/03\\\/Audi_Mittelmotor_Frua3.jpg\",\"keywords\":[\"100\",\"100 Coup\u00e9 S\",\"1974\",\"1974 Geneva Motor Show\",\"C1\",\"C1 100 Coup\u00e9 S\",\"C1.5 100 Coup\u00e9 S\",\"Carrozzeria Pietro Frua\",\"Coup\u00e9 S\",\"Coup\u00e9 Speciale Concept\",\"F105\",\"Geneva Motor Show\",\"mittelmotor\",\"Pietro Frua\"],\"articleSection\":[\"Concepts &amp; Design Studies\"],\"inLanguage\":\"en-US\",\"potentialAction\":[{\"@type\":\"CommentAction\",\"name\":\"Comment\",\"target\":[\"https:\\\/\\\/ooooiykyk.com\\\/audiarchives\\\/1974\\\/03\\\/12\\\/audi-coupe-speciale-aud-1974\\\/#respond\"]}]},{\"@type\":\"WebPage\",\"@id\":\"https:\\\/\\\/ooooiykyk.com\\\/audiarchives\\\/1974\\\/03\\\/12\\\/audi-coupe-speciale-aud-1974\\\/\",\"url\":\"https:\\\/\\\/ooooiykyk.com\\\/audiarchives\\\/1974\\\/03\\\/12\\\/audi-coupe-speciale-aud-1974\\\/\",\"name\":\"Audi Coup\u00e9 Speciale (1974) - oooo411 Audi Reference\",\"isPartOf\":{\"@id\":\"https:\\\/\\\/ooooiykyk.com\\\/audiarchives\\\/#website\"},\"primaryImageOfPage\":{\"@id\":\"https:\\\/\\\/ooooiykyk.com\\\/audiarchives\\\/1974\\\/03\\\/12\\\/audi-coupe-speciale-aud-1974\\\/#primaryimage\"},\"image\":{\"@id\":\"https:\\\/\\\/ooooiykyk.com\\\/audiarchives\\\/1974\\\/03\\\/12\\\/audi-coupe-speciale-aud-1974\\\/#primaryimage\"},\"thumbnailUrl\":\"https:\\\/\\\/ooooiykyk.com\\\/audiarchives\\\/wp-content\\\/uploads\\\/sites\\\/2\\\/2026\\\/03\\\/Audi_Mittelmotor_Frua3.jpg\",\"datePublished\":\"1974-03-12T02:37:00+00:00\",\"dateModified\":\"2026-03-21T13:59:39+00:00\",\"author\":{\"@id\":\"https:\\\/\\\/ooooiykyk.com\\\/audiarchives\\\/#\\\/schema\\\/person\\\/130f277be59b62a0ee49e51a09e0efcd\"},\"breadcrumb\":{\"@id\":\"https:\\\/\\\/ooooiykyk.com\\\/audiarchives\\\/1974\\\/03\\\/12\\\/audi-coupe-speciale-aud-1974\\\/#breadcrumb\"},\"inLanguage\":\"en-US\",\"potentialAction\":[{\"@type\":\"ReadAction\",\"target\":[\"https:\\\/\\\/ooooiykyk.com\\\/audiarchives\\\/1974\\\/03\\\/12\\\/audi-coupe-speciale-aud-1974\\\/\"]}]},{\"@type\":\"ImageObject\",\"inLanguage\":\"en-US\",\"@id\":\"https:\\\/\\\/ooooiykyk.com\\\/audiarchives\\\/1974\\\/03\\\/12\\\/audi-coupe-speciale-aud-1974\\\/#primaryimage\",\"url\":\"https:\\\/\\\/ooooiykyk.com\\\/audiarchives\\\/wp-content\\\/uploads\\\/sites\\\/2\\\/2026\\\/03\\\/Audi_Mittelmotor_Frua3.jpg\",\"contentUrl\":\"https:\\\/\\\/ooooiykyk.com\\\/audiarchives\\\/wp-content\\\/uploads\\\/sites\\\/2\\\/2026\\\/03\\\/Audi_Mittelmotor_Frua3.jpg\",\"width\":2000,\"height\":1250},{\"@type\":\"BreadcrumbList\",\"@id\":\"https:\\\/\\\/ooooiykyk.com\\\/audiarchives\\\/1974\\\/03\\\/12\\\/audi-coupe-speciale-aud-1974\\\/#breadcrumb\",\"itemListElement\":[{\"@type\":\"ListItem\",\"position\":1,\"name\":\"Home\",\"item\":\"https:\\\/\\\/ooooiykyk.com\\\/audiarchives\\\/\"},{\"@type\":\"ListItem\",\"position\":2,\"name\":\"Audi Coup\u00e9 Speciale (1974)\"}]},{\"@type\":\"WebSite\",\"@id\":\"https:\\\/\\\/ooooiykyk.com\\\/audiarchives\\\/#website\",\"url\":\"https:\\\/\\\/ooooiykyk.com\\\/audiarchives\\\/\",\"name\":\"oooo411 Audi Reference\",\"description\":\"The oooo411 Audi Archives by ooooIYKYK\",\"potentialAction\":[{\"@type\":\"SearchAction\",\"target\":{\"@type\":\"EntryPoint\",\"urlTemplate\":\"https:\\\/\\\/ooooiykyk.com\\\/audiarchives\\\/?s={search_term_string}\"},\"query-input\":{\"@type\":\"PropertyValueSpecification\",\"valueRequired\":true,\"valueName\":\"search_term_string\"}}],\"inLanguage\":\"en-US\"},{\"@type\":\"Person\",\"@id\":\"https:\\\/\\\/ooooiykyk.com\\\/audiarchives\\\/#\\\/schema\\\/person\\\/130f277be59b62a0ee49e51a09e0efcd\",\"name\":\"georgeachorn\",\"image\":{\"@type\":\"ImageObject\",\"inLanguage\":\"en-US\",\"@id\":\"https:\\\/\\\/secure.gravatar.com\\\/avatar\\\/b6322670f810a641a921e7cb32311b55be881e37ed8fb867f643242c636b2b44?s=96&d=mm&r=g\",\"url\":\"https:\\\/\\\/secure.gravatar.com\\\/avatar\\\/b6322670f810a641a921e7cb32311b55be881e37ed8fb867f643242c636b2b44?s=96&d=mm&r=g\",\"contentUrl\":\"https:\\\/\\\/secure.gravatar.com\\\/avatar\\\/b6322670f810a641a921e7cb32311b55be881e37ed8fb867f643242c636b2b44?s=96&d=mm&r=g\",\"caption\":\"georgeachorn\"},\"url\":\"https:\\\/\\\/ooooiykyk.com\\\/audiarchives\\\/author\\\/georgeachorn\\\/\"}]}<\/script>\n<!-- \/ Yoast SEO plugin. -->","yoast_head_json":{"title":"Audi Coup\u00e9 Speciale (1974) - oooo411 Audi Reference","robots":{"index":"index","follow":"follow","max-snippet":"max-snippet:-1","max-image-preview":"max-image-preview:large","max-video-preview":"max-video-preview:-1"},"canonical":"https:\/\/ooooiykyk.com\/audiarchives\/1974\/03\/12\/audi-coupe-speciale-aud-1974\/","og_locale":"en_US","og_type":"article","og_title":"Audi Coup\u00e9 Speciale (1974) - oooo411 Audi Reference","og_description":"The Audi Coup\u00e9 Speciale Mittelmotor concept was a speculative mid-engine sports car designed by Italian stylist\u00a0Pietro Frua\u00a0and unveiled at the 1974 Geneva Motor Show.","og_url":"https:\/\/ooooiykyk.com\/audiarchives\/1974\/03\/12\/audi-coupe-speciale-aud-1974\/","og_site_name":"oooo411 Audi Reference","article_published_time":"1974-03-12T02:37:00+00:00","article_modified_time":"2026-03-21T13:59:39+00:00","og_image":[{"width":2000,"height":1250,"url":"https:\/\/ooooiykyk.com\/audiarchives\/wp-content\/uploads\/sites\/2\/2026\/03\/Audi_Mittelmotor_Frua3.jpg","type":"image\/jpeg"}],"author":"georgeachorn","twitter_card":"summary_large_image","twitter_misc":{"Written by":"georgeachorn","Est. reading time":"7 minutes"},"schema":{"@context":"https:\/\/schema.org","@graph":[{"@type":"Article","@id":"https:\/\/ooooiykyk.com\/audiarchives\/1974\/03\/12\/audi-coupe-speciale-aud-1974\/#article","isPartOf":{"@id":"https:\/\/ooooiykyk.com\/audiarchives\/1974\/03\/12\/audi-coupe-speciale-aud-1974\/"},"author":{"name":"georgeachorn","@id":"https:\/\/ooooiykyk.com\/audiarchives\/#\/schema\/person\/130f277be59b62a0ee49e51a09e0efcd"},"headline":"Audi Coup\u00e9 Speciale (1974)","datePublished":"1974-03-12T02:37:00+00:00","dateModified":"2026-03-21T13:59:39+00:00","mainEntityOfPage":{"@id":"https:\/\/ooooiykyk.com\/audiarchives\/1974\/03\/12\/audi-coupe-speciale-aud-1974\/"},"wordCount":549,"commentCount":0,"image":{"@id":"https:\/\/ooooiykyk.com\/audiarchives\/1974\/03\/12\/audi-coupe-speciale-aud-1974\/#primaryimage"},"thumbnailUrl":"https:\/\/ooooiykyk.com\/audiarchives\/wp-content\/uploads\/sites\/2\/2026\/03\/Audi_Mittelmotor_Frua3.jpg","keywords":["100","100 Coup\u00e9 S","1974","1974 Geneva Motor Show","C1","C1 100 Coup\u00e9 S","C1.5 100 Coup\u00e9 S","Carrozzeria Pietro Frua","Coup\u00e9 S","Coup\u00e9 Speciale Concept","F105","Geneva Motor Show","mittelmotor","Pietro Frua"],"articleSection":["Concepts &amp; Design Studies"],"inLanguage":"en-US","potentialAction":[{"@type":"CommentAction","name":"Comment","target":["https:\/\/ooooiykyk.com\/audiarchives\/1974\/03\/12\/audi-coupe-speciale-aud-1974\/#respond"]}]},{"@type":"WebPage","@id":"https:\/\/ooooiykyk.com\/audiarchives\/1974\/03\/12\/audi-coupe-speciale-aud-1974\/","url":"https:\/\/ooooiykyk.com\/audiarchives\/1974\/03\/12\/audi-coupe-speciale-aud-1974\/","name":"Audi Coup\u00e9 Speciale (1974) - oooo411 Audi Reference","isPartOf":{"@id":"https:\/\/ooooiykyk.com\/audiarchives\/#website"},"primaryImageOfPage":{"@id":"https:\/\/ooooiykyk.com\/audiarchives\/1974\/03\/12\/audi-coupe-speciale-aud-1974\/#primaryimage"},"image":{"@id":"https:\/\/ooooiykyk.com\/audiarchives\/1974\/03\/12\/audi-coupe-speciale-aud-1974\/#primaryimage"},"thumbnailUrl":"https:\/\/ooooiykyk.com\/audiarchives\/wp-content\/uploads\/sites\/2\/2026\/03\/Audi_Mittelmotor_Frua3.jpg","datePublished":"1974-03-12T02:37:00+00:00","dateModified":"2026-03-21T13:59:39+00:00","author":{"@id":"https:\/\/ooooiykyk.com\/audiarchives\/#\/schema\/person\/130f277be59b62a0ee49e51a09e0efcd"},"breadcrumb":{"@id":"https:\/\/ooooiykyk.com\/audiarchives\/1974\/03\/12\/audi-coupe-speciale-aud-1974\/#breadcrumb"},"inLanguage":"en-US","potentialAction":[{"@type":"ReadAction","target":["https:\/\/ooooiykyk.com\/audiarchives\/1974\/03\/12\/audi-coupe-speciale-aud-1974\/"]}]},{"@type":"ImageObject","inLanguage":"en-US","@id":"https:\/\/ooooiykyk.com\/audiarchives\/1974\/03\/12\/audi-coupe-speciale-aud-1974\/#primaryimage","url":"https:\/\/ooooiykyk.com\/audiarchives\/wp-content\/uploads\/sites\/2\/2026\/03\/Audi_Mittelmotor_Frua3.jpg","contentUrl":"https:\/\/ooooiykyk.com\/audiarchives\/wp-content\/uploads\/sites\/2\/2026\/03\/Audi_Mittelmotor_Frua3.jpg","width":2000,"height":1250},{"@type":"BreadcrumbList","@id":"https:\/\/ooooiykyk.com\/audiarchives\/1974\/03\/12\/audi-coupe-speciale-aud-1974\/#breadcrumb","itemListElement":[{"@type":"ListItem","position":1,"name":"Home","item":"https:\/\/ooooiykyk.com\/audiarchives\/"},{"@type":"ListItem","position":2,"name":"Audi Coup\u00e9 Speciale (1974)"}]},{"@type":"WebSite","@id":"https:\/\/ooooiykyk.com\/audiarchives\/#website","url":"https:\/\/ooooiykyk.com\/audiarchives\/","name":"oooo411 Audi Reference","description":"The oooo411 Audi Archives by ooooIYKYK","potentialAction":[{"@type":"SearchAction","target":{"@type":"EntryPoint","urlTemplate":"https:\/\/ooooiykyk.com\/audiarchives\/?s={search_term_string}"},"query-input":{"@type":"PropertyValueSpecification","valueRequired":true,"valueName":"search_term_string"}}],"inLanguage":"en-US"},{"@type":"Person","@id":"https:\/\/ooooiykyk.com\/audiarchives\/#\/schema\/person\/130f277be59b62a0ee49e51a09e0efcd","name":"georgeachorn","image":{"@type":"ImageObject","inLanguage":"en-US","@id":"https:\/\/secure.gravatar.com\/avatar\/b6322670f810a641a921e7cb32311b55be881e37ed8fb867f643242c636b2b44?s=96&d=mm&r=g","url":"https:\/\/secure.gravatar.com\/avatar\/b6322670f810a641a921e7cb32311b55be881e37ed8fb867f643242c636b2b44?s=96&d=mm&r=g","contentUrl":"https:\/\/secure.gravatar.com\/avatar\/b6322670f810a641a921e7cb32311b55be881e37ed8fb867f643242c636b2b44?s=96&d=mm&r=g","caption":"georgeachorn"},"url":"https:\/\/ooooiykyk.com\/audiarchives\/author\/georgeachorn\/"}]}},"_links":{"self":[{"href":"https:\/\/ooooiykyk.com\/audiarchives\/wp-json\/wp\/v2\/posts\/6510","targetHints":{"allow":["GET"]}}],"collection":[{"href":"https:\/\/ooooiykyk.com\/audiarchives\/wp-json\/wp\/v2\/posts"}],"about":[{"href":"https:\/\/ooooiykyk.com\/audiarchives\/wp-json\/wp\/v2\/types\/post"}],"author":[{"embeddable":true,"href":"https:\/\/ooooiykyk.com\/audiarchives\/wp-json\/wp\/v2\/users\/2"}],"replies":[{"embeddable":true,"href":"https:\/\/ooooiykyk.com\/audiarchives\/wp-json\/wp\/v2\/comments?post=6510"}],"version-history":[{"count":7,"href":"https:\/\/ooooiykyk.com\/audiarchives\/wp-json\/wp\/v2\/posts\/6510\/revisions"}],"predecessor-version":[{"id":6554,"href":"https:\/\/ooooiykyk.com\/audiarchives\/wp-json\/wp\/v2\/posts\/6510\/revisions\/6554"}],"wp:featuredmedia":[{"embeddable":true,"href":"https:\/\/ooooiykyk.com\/audiarchives\/wp-json\/wp\/v2\/media\/6520"}],"wp:attachment":[{"href":"https:\/\/ooooiykyk.com\/audiarchives\/wp-json\/wp\/v2\/media?parent=6510"}],"wp:term":[{"taxonomy":"category","embeddable":true,"href":"https:\/\/ooooiykyk.com\/audiarchives\/wp-json\/wp\/v2\/categories?post=6510"},{"taxonomy":"post_tag","embeddable":true,"href":"https:\/\/ooooiykyk.com\/audiarchives\/wp-json\/wp\/v2\/tags?post=6510"}],"curies":[{"name":"wp","href":"https:\/\/api.w.org\/{rel}","templated":true}]}}