{"id":4561,"date":"1977-02-01T19:11:00","date_gmt":"1977-02-01T19:11:00","guid":{"rendered":"https:\/\/ooooiykyk.com\/audiarchives\/?p=4561"},"modified":"2025-12-10T19:20:54","modified_gmt":"2025-12-10T19:20:54","slug":"audi-100-2-door-sedan-eu-%f0%9f%87%aa%f0%9f%87%ba-c2-type-43-1976-1982","status":"publish","type":"post","link":"https:\/\/ooooiykyk.com\/audiarchives\/1977\/02\/01\/audi-100-2-door-sedan-eu-%f0%9f%87%aa%f0%9f%87%ba-c2-type-43-1976-1982\/","title":{"rendered":"Audi 100 2-Door Sedan &#8211; EU \ud83c\uddea\ud83c\uddfa (C2 \/ type 43, 1976-1982)"},"content":{"rendered":"\n<p><strong>\/<\/strong> <strong><a href=\"https:\/\/ooooiykyk.com\/audiarchives\/category\/sections\/eras\/\"><mark style=\"background-color:rgba(0, 0, 0, 0)\" class=\"has-inline-color has-vivid-red-color\">Eras<\/mark><\/a><\/strong> <strong>\/<\/strong> <strong><a href=\"https:\/\/ooooiykyk.com\/audiarchives\/1994\/10\/01\/audi-models-postwar-era\/\"><strong><mark style=\"background-color:rgba(0, 0, 0, 0)\" class=\"has-inline-color has-vivid-red-color\">Audi Postwar Era<\/mark><\/strong><\/a><strong><strong>\/ <\/strong><\/strong><a href=\"https:\/\/ooooiykyk.com\/audiarchives\/1994\/10\/01\/audi-models-postwar-era\/\"><strong><mark style=\"background-color:rgba(0, 0, 0, 0)\" class=\"has-inline-color has-vivid-red-color\"><\/mark><\/strong><\/a><strong><strong><a href=\"https:\/\/ooooiykyk.com\/audiarchives\/1994\/05\/30\/audi-100\/\"><mark style=\"background-color:rgba(0, 0, 0, 0)\" class=\"has-inline-color has-vivid-red-color\">Audi 100<\/mark><\/a><\/strong> \/<\/strong> <a href=\"https:\/\/ooooiykyk.com\/audiarchives\/1986\/08\/06\/audi-100-c2-type-43-1976-1982\/\"><mark style=\"background-color:rgba(0, 0, 0, 0)\" class=\"has-inline-color has-vivid-red-color\">100 (C2, type 43)<\/mark><\/a><\/strong><\/p>\n\n\n\n<p><strong>What:&nbsp;<\/strong><a href=\"https:\/\/ooooiykyk.com\/audiarchives\/tag\/c2-100-2-door\/\">100 2-Door Sedan (C2)<\/a><br><strong>Model Family:<\/strong>&nbsp;<a href=\"https:\/\/ooooiykyk.com\/audiarchives\/tag\/100\/\">100<\/a><br><strong>Market \/ Zone: <\/strong><a href=\"https:\/\/ooooiykyk.com\/audiarchives\/tag\/eu\/\">EU<\/a><br><strong>Production Location: <\/strong>Ingolstadt, Germany &amp; Neckarsulm, Germany<br><strong>Debut:<\/strong> Luxembourg, 1976<strong><br>Year:<\/strong> 1977, 1978, 1979, 1980, 1981, 1982<br><strong>Number Produced:<\/strong>&nbsp;887,647 (source: <a href=\"https:\/\/en.wikipedia.org\/wiki\/Audi_100#:~:text=Table_title:%20Audi%20100%2C%20200%20and%205000%20(C2%2C,2%2Ddoor%20saloon\/sedan%204%2Ddoor%20saloon\/sedan%205%2Ddoor%20hatchback%20%7C\" target=\"_blank\" rel=\"noreferrer noopener\">Wikipedia<\/a>)<br><strong>Model \/ Generation Code(s):<\/strong> <a href=\"https:\/\/ooooiykyk.com\/audiarchives\/tag\/type-43\/\">Type 43<\/a><br><strong>Chassis \/ Matrix:<\/strong> <a href=\"https:\/\/ooooiykyk.com\/audiarchives\/tag\/c2\/\">C2<\/a><br><strong>Engine(s):<\/strong>&nbsp;1.6l 4-cylinder, 1.9l 5-cylinder, 2.0l 4-cylinder, 2.1l 5-cylinder, 2.1l 5-cylinder turbo, 2.0l 5-cylinder diesel, 2.0l 5-cylinder turbo diesel<br><strong>Transmission(s):<\/strong> 5-speed Manual, 3-speed Automatic<\/p>\n\n\n\n<p><strong>Designer:<\/strong>&nbsp;Ludwig Kraus<br><strong>Predecessor:<\/strong>&nbsp;Audi 100 (C1)<br><strong>Successor:<\/strong>&nbsp;Audi 100 (C3, type 44)<\/p>\n\n\n\n<p>The&nbsp;<strong>Audi 100 (C2) two-door sedan<\/strong>&nbsp;is a rare body style of the second-generation Audi 100, produced primarily for the German and select European markets between 1977 and 1981. Introduced several months after the launch of the C2 four-door sedan, the two-door variant represented the final era in which Audi offered a large two-door notchback sedan\u2014an increasingly uncommon configuration by the late 1970s. Unlike the earlier Audi 100 Coup\u00e9 S (C1) or later Audi Coup\u00e9 (B2), the two-door C2 was not a coup\u00e9 in either styling or intent, but simply a two-door version of the standard sedan body.<\/p>\n\n\n\n<p><strong>BACKGROUND AND POSITION WITHIN THE RANGE<\/strong><\/p>\n\n\n\n<p>When the first-generation Audi 100 (C1) debuted in 1968, two-door sedans of this size remained common in Europe. Customers often perceived two-door sedans as slightly more affordable, somewhat more youthful, or modestly sportier alternatives to their four-door counterparts. By the mid-1970s, however, consumer preferences were shifting rapidly toward four-door vehicles, particularly in the emerging premium segments that Audi increasingly sought to occupy.<\/p>\n\n\n\n<p>With the launch of the C2-generation Audi 100 in August 1976, Audi initially focused on the mainstream four-door sedan. The two-door C2 followed in February 1977, filling a diminishing but still present market niche, primarily in Germany and surrounding European markets.<\/p>\n\n\n\n<figure class=\"wp-block-image size-full\"><img decoding=\"async\" width=\"2000\" height=\"1250\" src=\"https:\/\/ooooiykyk.com\/audiarchives\/wp-content\/uploads\/sites\/2\/2025\/12\/audi-100-c2-profile-header.jpg\" alt=\"\" class=\"wp-image-4565\" srcset=\"https:\/\/ooooiykyk.com\/audiarchives\/wp-content\/uploads\/sites\/2\/2025\/12\/audi-100-c2-profile-header.jpg 2000w, https:\/\/ooooiykyk.com\/audiarchives\/wp-content\/uploads\/sites\/2\/2025\/12\/audi-100-c2-profile-header-300x188.jpg 300w, https:\/\/ooooiykyk.com\/audiarchives\/wp-content\/uploads\/sites\/2\/2025\/12\/audi-100-c2-profile-header-1024x640.jpg 1024w, https:\/\/ooooiykyk.com\/audiarchives\/wp-content\/uploads\/sites\/2\/2025\/12\/audi-100-c2-profile-header-768x480.jpg 768w, https:\/\/ooooiykyk.com\/audiarchives\/wp-content\/uploads\/sites\/2\/2025\/12\/audi-100-c2-profile-header-1536x960.jpg 1536w, https:\/\/ooooiykyk.com\/audiarchives\/wp-content\/uploads\/sites\/2\/2025\/12\/audi-100-c2-profile-header-770x481.jpg 770w, https:\/\/ooooiykyk.com\/audiarchives\/wp-content\/uploads\/sites\/2\/2025\/12\/audi-100-c2-profile-header-1400x875.jpg 1400w\" sizes=\"(max-width: 2000px) 100vw, 2000px\" \/><\/figure>\n\n\n\n<p><\/p>\n\n\n\n<p><strong>DESIGN AND BODY STYLE<\/strong><\/p>\n\n\n\n<p>The Audi 100 (C2) two-door sedan shared its overall proportions, interior layout, and mechanical components with the four-door version. Its differences were limited to:<\/p>\n\n\n\n<p>\u2022 Two longer front doors replacing the four shorter doors<br>\u2022 A slight alteration of the B-pillar and window framing<br>\u2022 Minor changes to interior trim to accommodate the altered door structure<\/p>\n\n\n\n<p>Unlike Audi\u2019s coup\u00e9s of the period, the two-door C2 maintained the same upright notchback profile as the four-door sedan. It lacked a fastback or sloping rear roofline, distinguishing it clearly from the&nbsp;<strong>Audi 100 Coup\u00e9 S (C1)<\/strong>&nbsp;and the&nbsp;<strong>Audi Coup\u00e9 (B2)<\/strong>&nbsp;that later underpinned the quattro. For this reason, calling the two-door 100 a \u201ccoup\u00e9\u201d is not technically correct; it adhered to the design conventions of conventional two-door sedans rather than sporting coup\u00e9s.<\/p>\n\n\n\n<p><strong>ENGINE OPTIONS<\/strong><\/p>\n\n\n\n<p>Engine availability for the two-door sedan generally mirrored that of lower and mid-range four-door C2 models. This typically included:<\/p>\n\n\n\n<p>Inline-four petrol engines:<br>1.6 L I4, 85 PS (63 kW)<br>2.0 L I4, 115 PS (85 kW) in early production<\/p>\n\n\n\n<p>Inline-five petrol engines (depending on market):<br>2.1 L I5, 100 PS (74 kW), carbureted<br>2.1 L I5, 115 PS (85 kW), carbureted<\/p>\n\n\n\n<p>The fuel-injected 5E (136 PS) and turbocharged engines associated with higher-end C2 models were generally not marketed in two-door form, reflecting the model\u2019s positioning as a simpler, more affordable variant.<\/p>\n\n\n\n<p>Both manual and automatic transmissions were available depending on engine choice and market.<\/p>\n\n\n\n<p><strong>MARKET RECEPTION AND RARITY<\/strong><\/p>\n\n\n\n<p>By the late 1970s, demand for large two-door sedans had largely disappeared in Europe. Customers who wanted a sporty Audi tended to choose the Audi 80 GT or Coup\u00e9 (B2), while those wanting practicality, comfort, or executive form gravitated toward four-door models or\u2014after 1977\u2014the Audi 100 Avant liftback.<\/p>\n\n\n\n<p>As a result, production numbers of the Audi 100 (C2) two-door were low. Precise figures have not been published by Audi, but surviving examples are rare, and contemporary advertisements show limited regional distribution.<\/p>\n\n\n\n<p>The two-door was discontinued before the end of the C2 production cycle, and its successor, the&nbsp;Audi 100 (C3) introduced in 1982, did not include a two-door sedan at all\u2014ending the era of large two-door Audi saloons.<\/p>\n\n\n\n<p><strong>LEGACY<\/strong><\/p>\n\n\n\n<p>The C2 two-door sedan serves today as a transitional model reflecting changing automotive tastes. It bridges the earlier era, represented by the C1, when two-door sedans were still viable mainstream offerings, and the later era, beginning with the C3, when Audi fully embraced the four-door executive format and relegated sport-oriented models to dedicated coup\u00e9 platforms.<\/p>\n\n\n\n<p>Surviving examples are now uncommon, often prized by collectors for their rarity and for representing an unusually overlooked body style within Audi\u2019s history. The two-door C2 also stands as one of the last large two-door saloons offered by a German manufacturer outside explicitly premium coup\u00e9 models.<\/p>\n\n\n\n<p><strong>PHOTO GALLERY<\/strong><\/p>\n\n\n\n<figure class=\"wp-block-gallery has-nested-images columns-default is-cropped wp-block-gallery-1 is-layout-flex wp-block-gallery-is-layout-flex\">\n<figure data-wp-context=\"{&quot;imageId&quot;:&quot;69f31b1e622e9&quot;}\" data-wp-interactive=\"core\/image\" data-wp-key=\"69f31b1e622e9\" class=\"wp-block-image size-large wp-lightbox-container\"><img decoding=\"async\" width=\"1024\" height=\"640\" data-wp-class--hide=\"state.isContentHidden\" data-wp-class--show=\"state.isContentVisible\" data-wp-init=\"callbacks.setButtonStyles\" data-wp-on--click=\"actions.showLightbox\" data-wp-on--load=\"callbacks.setButtonStyles\" data-wp-on-window--resize=\"callbacks.setButtonStyles\" data-id=\"4562\" src=\"https:\/\/ooooiykyk.com\/audiarchives\/wp-content\/uploads\/sites\/2\/2025\/12\/audi-100-c2-2-door-1978-001-1024x640.jpg\" alt=\"\" class=\"wp-image-4562\" srcset=\"https:\/\/ooooiykyk.com\/audiarchives\/wp-content\/uploads\/sites\/2\/2025\/12\/audi-100-c2-2-door-1978-001-1024x640.jpg 1024w, https:\/\/ooooiykyk.com\/audiarchives\/wp-content\/uploads\/sites\/2\/2025\/12\/audi-100-c2-2-door-1978-001-300x188.jpg 300w, https:\/\/ooooiykyk.com\/audiarchives\/wp-content\/uploads\/sites\/2\/2025\/12\/audi-100-c2-2-door-1978-001-768x480.jpg 768w, https:\/\/ooooiykyk.com\/audiarchives\/wp-content\/uploads\/sites\/2\/2025\/12\/audi-100-c2-2-door-1978-001-1536x960.jpg 1536w, https:\/\/ooooiykyk.com\/audiarchives\/wp-content\/uploads\/sites\/2\/2025\/12\/audi-100-c2-2-door-1978-001-770x481.jpg 770w, https:\/\/ooooiykyk.com\/audiarchives\/wp-content\/uploads\/sites\/2\/2025\/12\/audi-100-c2-2-door-1978-001-1400x875.jpg 1400w, https:\/\/ooooiykyk.com\/audiarchives\/wp-content\/uploads\/sites\/2\/2025\/12\/audi-100-c2-2-door-1978-001.jpg 2000w\" sizes=\"(max-width: 1024px) 100vw, 1024px\" \/><button\n\t\t\tclass=\"lightbox-trigger\"\n\t\t\ttype=\"button\"\n\t\t\taria-haspopup=\"dialog\"\n\t\t\taria-label=\"Enlarge\"\n\t\t\tdata-wp-init=\"callbacks.initTriggerButton\"\n\t\t\tdata-wp-on--click=\"actions.showLightbox\"\n\t\t\tdata-wp-style--right=\"state.imageButtonRight\"\n\t\t\tdata-wp-style--top=\"state.imageButtonTop\"\n\t\t>\n\t\t\t<svg xmlns=\"http:\/\/www.w3.org\/2000\/svg\" width=\"12\" height=\"12\" fill=\"none\" viewBox=\"0 0 12 12\">\n\t\t\t\t<path fill=\"#fff\" d=\"M2 0a2 2 0 0 0-2 2v2h1.5V2a.5.5 0 0 1 .5-.5h2V0H2Zm2 10.5H2a.5.5 0 0 1-.5-.5V8H0v2a2 2 0 0 0 2 2h2v-1.5ZM8 12v-1.5h2a.5.5 0 0 0 .5-.5V8H12v2a2 2 0 0 1-2 2H8Zm2-12a2 2 0 0 1 2 2v2h-1.5V2a.5.5 0 0 0-.5-.5H8V0h2Z\" \/>\n\t\t\t<\/svg>\n\t\t<\/button><\/figure>\n\n\n\n<figure data-wp-context=\"{&quot;imageId&quot;:&quot;69f31b1e626e1&quot;}\" data-wp-interactive=\"core\/image\" data-wp-key=\"69f31b1e626e1\" class=\"wp-block-image size-large wp-lightbox-container\"><img decoding=\"async\" width=\"1024\" height=\"640\" data-wp-class--hide=\"state.isContentHidden\" data-wp-class--show=\"state.isContentVisible\" data-wp-init=\"callbacks.setButtonStyles\" data-wp-on--click=\"actions.showLightbox\" data-wp-on--load=\"callbacks.setButtonStyles\" data-wp-on-window--resize=\"callbacks.setButtonStyles\" data-id=\"4563\" src=\"https:\/\/ooooiykyk.com\/audiarchives\/wp-content\/uploads\/sites\/2\/2025\/12\/audi-100-c2-2-door-1978-002-1024x640.jpg\" alt=\"\" class=\"wp-image-4563\" srcset=\"https:\/\/ooooiykyk.com\/audiarchives\/wp-content\/uploads\/sites\/2\/2025\/12\/audi-100-c2-2-door-1978-002-1024x640.jpg 1024w, https:\/\/ooooiykyk.com\/audiarchives\/wp-content\/uploads\/sites\/2\/2025\/12\/audi-100-c2-2-door-1978-002-300x188.jpg 300w, https:\/\/ooooiykyk.com\/audiarchives\/wp-content\/uploads\/sites\/2\/2025\/12\/audi-100-c2-2-door-1978-002-768x480.jpg 768w, https:\/\/ooooiykyk.com\/audiarchives\/wp-content\/uploads\/sites\/2\/2025\/12\/audi-100-c2-2-door-1978-002-1536x960.jpg 1536w, https:\/\/ooooiykyk.com\/audiarchives\/wp-content\/uploads\/sites\/2\/2025\/12\/audi-100-c2-2-door-1978-002-770x481.jpg 770w, https:\/\/ooooiykyk.com\/audiarchives\/wp-content\/uploads\/sites\/2\/2025\/12\/audi-100-c2-2-door-1978-002-1400x875.jpg 1400w, https:\/\/ooooiykyk.com\/audiarchives\/wp-content\/uploads\/sites\/2\/2025\/12\/audi-100-c2-2-door-1978-002.jpg 2000w\" sizes=\"(max-width: 1024px) 100vw, 1024px\" \/><button\n\t\t\tclass=\"lightbox-trigger\"\n\t\t\ttype=\"button\"\n\t\t\taria-haspopup=\"dialog\"\n\t\t\taria-label=\"Enlarge\"\n\t\t\tdata-wp-init=\"callbacks.initTriggerButton\"\n\t\t\tdata-wp-on--click=\"actions.showLightbox\"\n\t\t\tdata-wp-style--right=\"state.imageButtonRight\"\n\t\t\tdata-wp-style--top=\"state.imageButtonTop\"\n\t\t>\n\t\t\t<svg xmlns=\"http:\/\/www.w3.org\/2000\/svg\" width=\"12\" height=\"12\" fill=\"none\" viewBox=\"0 0 12 12\">\n\t\t\t\t<path fill=\"#fff\" d=\"M2 0a2 2 0 0 0-2 2v2h1.5V2a.5.5 0 0 1 .5-.5h2V0H2Zm2 10.5H2a.5.5 0 0 1-.5-.5V8H0v2a2 2 0 0 0 2 2h2v-1.5ZM8 12v-1.5h2a.5.5 0 0 0 .5-.5V8H12v2a2 2 0 0 1-2 2H8Zm2-12a2 2 0 0 1 2 2v2h-1.5V2a.5.5 0 0 0-.5-.5H8V0h2Z\" \/>\n\t\t\t<\/svg>\n\t\t<\/button><\/figure>\n\n\n\n<figure data-wp-context=\"{&quot;imageId&quot;:&quot;69f31b1e62a29&quot;}\" data-wp-interactive=\"core\/image\" data-wp-key=\"69f31b1e62a29\" class=\"wp-block-image size-large wp-lightbox-container\"><img decoding=\"async\" width=\"1024\" height=\"640\" data-wp-class--hide=\"state.isContentHidden\" data-wp-class--show=\"state.isContentVisible\" data-wp-init=\"callbacks.setButtonStyles\" data-wp-on--click=\"actions.showLightbox\" data-wp-on--load=\"callbacks.setButtonStyles\" data-wp-on-window--resize=\"callbacks.setButtonStyles\" data-id=\"4564\" src=\"https:\/\/ooooiykyk.com\/audiarchives\/wp-content\/uploads\/sites\/2\/2025\/12\/Audi-100-C2-2-Door-header-front-1024x640.jpg\" alt=\"\" class=\"wp-image-4564\" srcset=\"https:\/\/ooooiykyk.com\/audiarchives\/wp-content\/uploads\/sites\/2\/2025\/12\/Audi-100-C2-2-Door-header-front-1024x640.jpg 1024w, https:\/\/ooooiykyk.com\/audiarchives\/wp-content\/uploads\/sites\/2\/2025\/12\/Audi-100-C2-2-Door-header-front-300x188.jpg 300w, https:\/\/ooooiykyk.com\/audiarchives\/wp-content\/uploads\/sites\/2\/2025\/12\/Audi-100-C2-2-Door-header-front-768x480.jpg 768w, https:\/\/ooooiykyk.com\/audiarchives\/wp-content\/uploads\/sites\/2\/2025\/12\/Audi-100-C2-2-Door-header-front-1536x960.jpg 1536w, https:\/\/ooooiykyk.com\/audiarchives\/wp-content\/uploads\/sites\/2\/2025\/12\/Audi-100-C2-2-Door-header-front-770x481.jpg 770w, https:\/\/ooooiykyk.com\/audiarchives\/wp-content\/uploads\/sites\/2\/2025\/12\/Audi-100-C2-2-Door-header-front-1400x875.jpg 1400w, https:\/\/ooooiykyk.com\/audiarchives\/wp-content\/uploads\/sites\/2\/2025\/12\/Audi-100-C2-2-Door-header-front.jpg 2000w\" sizes=\"(max-width: 1024px) 100vw, 1024px\" \/><button\n\t\t\tclass=\"lightbox-trigger\"\n\t\t\ttype=\"button\"\n\t\t\taria-haspopup=\"dialog\"\n\t\t\taria-label=\"Enlarge\"\n\t\t\tdata-wp-init=\"callbacks.initTriggerButton\"\n\t\t\tdata-wp-on--click=\"actions.showLightbox\"\n\t\t\tdata-wp-style--right=\"state.imageButtonRight\"\n\t\t\tdata-wp-style--top=\"state.imageButtonTop\"\n\t\t>\n\t\t\t<svg xmlns=\"http:\/\/www.w3.org\/2000\/svg\" width=\"12\" height=\"12\" fill=\"none\" viewBox=\"0 0 12 12\">\n\t\t\t\t<path fill=\"#fff\" d=\"M2 0a2 2 0 0 0-2 2v2h1.5V2a.5.5 0 0 1 .5-.5h2V0H2Zm2 10.5H2a.5.5 0 0 1-.5-.5V8H0v2a2 2 0 0 0 2 2h2v-1.5ZM8 12v-1.5h2a.5.5 0 0 0 .5-.5V8H12v2a2 2 0 0 1-2 2H8Zm2-12a2 2 0 0 1 2 2v2h-1.5V2a.5.5 0 0 0-.5-.5H8V0h2Z\" \/>\n\t\t\t<\/svg>\n\t\t<\/button><\/figure>\n\n\n\n<figure data-wp-context=\"{&quot;imageId&quot;:&quot;69f31b1e62d63&quot;}\" data-wp-interactive=\"core\/image\" data-wp-key=\"69f31b1e62d63\" class=\"wp-block-image size-large wp-lightbox-container\"><img decoding=\"async\" width=\"1024\" height=\"640\" data-wp-class--hide=\"state.isContentHidden\" data-wp-class--show=\"state.isContentVisible\" data-wp-init=\"callbacks.setButtonStyles\" data-wp-on--click=\"actions.showLightbox\" data-wp-on--load=\"callbacks.setButtonStyles\" data-wp-on-window--resize=\"callbacks.setButtonStyles\" data-id=\"4565\" src=\"https:\/\/ooooiykyk.com\/audiarchives\/wp-content\/uploads\/sites\/2\/2025\/12\/audi-100-c2-profile-header-1024x640.jpg\" alt=\"\" class=\"wp-image-4565\" srcset=\"https:\/\/ooooiykyk.com\/audiarchives\/wp-content\/uploads\/sites\/2\/2025\/12\/audi-100-c2-profile-header-1024x640.jpg 1024w, https:\/\/ooooiykyk.com\/audiarchives\/wp-content\/uploads\/sites\/2\/2025\/12\/audi-100-c2-profile-header-300x188.jpg 300w, https:\/\/ooooiykyk.com\/audiarchives\/wp-content\/uploads\/sites\/2\/2025\/12\/audi-100-c2-profile-header-768x480.jpg 768w, https:\/\/ooooiykyk.com\/audiarchives\/wp-content\/uploads\/sites\/2\/2025\/12\/audi-100-c2-profile-header-1536x960.jpg 1536w, https:\/\/ooooiykyk.com\/audiarchives\/wp-content\/uploads\/sites\/2\/2025\/12\/audi-100-c2-profile-header-770x481.jpg 770w, https:\/\/ooooiykyk.com\/audiarchives\/wp-content\/uploads\/sites\/2\/2025\/12\/audi-100-c2-profile-header-1400x875.jpg 1400w, https:\/\/ooooiykyk.com\/audiarchives\/wp-content\/uploads\/sites\/2\/2025\/12\/audi-100-c2-profile-header.jpg 2000w\" sizes=\"(max-width: 1024px) 100vw, 1024px\" \/><button\n\t\t\tclass=\"lightbox-trigger\"\n\t\t\ttype=\"button\"\n\t\t\taria-haspopup=\"dialog\"\n\t\t\taria-label=\"Enlarge\"\n\t\t\tdata-wp-init=\"callbacks.initTriggerButton\"\n\t\t\tdata-wp-on--click=\"actions.showLightbox\"\n\t\t\tdata-wp-style--right=\"state.imageButtonRight\"\n\t\t\tdata-wp-style--top=\"state.imageButtonTop\"\n\t\t>\n\t\t\t<svg xmlns=\"http:\/\/www.w3.org\/2000\/svg\" width=\"12\" height=\"12\" fill=\"none\" viewBox=\"0 0 12 12\">\n\t\t\t\t<path fill=\"#fff\" d=\"M2 0a2 2 0 0 0-2 2v2h1.5V2a.5.5 0 0 1 .5-.5h2V0H2Zm2 10.5H2a.5.5 0 0 1-.5-.5V8H0v2a2 2 0 0 0 2 2h2v-1.5ZM8 12v-1.5h2a.5.5 0 0 0 .5-.5V8H12v2a2 2 0 0 1-2 2H8Zm2-12a2 2 0 0 1 2 2v2h-1.5V2a.5.5 0 0 0-.5-.5H8V0h2Z\" \/>\n\t\t\t<\/svg>\n\t\t<\/button><\/figure>\n<\/figure>\n","protected":false},"excerpt":{"rendered":"<p>\/ Eras \/ Audi Postwar Era\/ Audi 100 \/ 100 (C2, type 43) What:&nbsp;100 2-Door Sedan (C2)Model Family:&nbsp;100Market \/ Zone: EUProduction Location: Ingolstadt, Germany &amp; Neckarsulm, GermanyDebut: Luxembourg, 1976Year: 1977, 1978, 1979, 1980, 1981, 1982Number Produced:&nbsp;887,647 (source: Wikipedia)Model \/ Generation Code(s): Type 43Chassis \/ Matrix: C2Engine(s):&nbsp;1.6l 4-cylinder, 1.9l 5-cylinder, 2.0l 4-cylinder, 2.1l 5-cylinder, 2.1l 5-cylinder turbo, 2.0l 5-cylinder diesel, 2.0l 5-cylinder turbo dieselTransmission(s): 5-speed Manual, 3-speed Automatic Designer:&nbsp;Ludwig KrausPredecessor:&nbsp;Audi 100 (C1)Successor:&nbsp;Audi 100 (C3, type 44) The&nbsp;Audi 100 (C2) two-door sedan&nbsp;is [&hellip;]<\/p>\n","protected":false},"author":2,"featured_media":4564,"comment_status":"open","ping_status":"open","sticky":false,"template":"","format":"standard","meta":{"footnotes":""},"categories":[5],"tags":[152,99,100,731,732,728,733,788,154,617,786,618],"class_list":["post-4561","post","type-post","status-publish","format-standard","has-post-thumbnail","hentry","category-road-cars","tag-152","tag-99","tag-100","tag-731","tag-732","tag-728","tag-733","tag-2-door-sedan","tag-c2","tag-c2-100","tag-c2-100-2-door","tag-type-43"],"yoast_head":"<!-- This site is optimized with the Yoast SEO plugin v27.5 - https:\/\/yoast.com\/product\/yoast-seo-wordpress\/ -->\n<title>Audi 100 2-Door Sedan - EU \ud83c\uddea\ud83c\uddfa (C2 \/ type 43, 1976-1982) - oooo411 Audi Reference<\/title>\n<meta name=\"robots\" content=\"index, follow, max-snippet:-1, max-image-preview:large, max-video-preview:-1\" \/>\n<link rel=\"canonical\" href=\"https:\/\/ooooiykyk.com\/audiarchives\/1977\/02\/01\/audi-100-2-door-sedan-eu-\ud83c\uddea\ud83c\uddfa-c2-type-43-1976-1982\/\" \/>\n<meta property=\"og:locale\" content=\"en_US\" \/>\n<meta property=\"og:type\" content=\"article\" \/>\n<meta property=\"og:title\" content=\"Audi 100 2-Door Sedan - EU \ud83c\uddea\ud83c\uddfa (C2 \/ type 43, 1976-1982) - oooo411 Audi Reference\" \/>\n<meta property=\"og:description\" content=\"\/ Eras \/ Audi Postwar Era\/ Audi 100 \/ 100 (C2, type 43) What:&nbsp;100 2-Door Sedan (C2)Model Family:&nbsp;100Market \/ Zone: EUProduction Location: Ingolstadt, Germany &amp; Neckarsulm, GermanyDebut: Luxembourg, 1976Year: 1977, 1978, 1979, 1980, 1981, 1982Number Produced:&nbsp;887,647 (source: Wikipedia)Model \/ Generation Code(s): Type 43Chassis \/ Matrix: C2Engine(s):&nbsp;1.6l 4-cylinder, 1.9l 5-cylinder, 2.0l 4-cylinder, 2.1l 5-cylinder, 2.1l 5-cylinder turbo, 2.0l 5-cylinder diesel, 2.0l 5-cylinder turbo dieselTransmission(s): 5-speed Manual, 3-speed Automatic Designer:&nbsp;Ludwig KrausPredecessor:&nbsp;Audi 100 (C1)Successor:&nbsp;Audi 100 (C3, type 44) The&nbsp;Audi 100 (C2) two-door sedan&nbsp;is [&hellip;]\" \/>\n<meta property=\"og:url\" content=\"https:\/\/ooooiykyk.com\/audiarchives\/1977\/02\/01\/audi-100-2-door-sedan-eu-\ud83c\uddea\ud83c\uddfa-c2-type-43-1976-1982\/\" \/>\n<meta property=\"og:site_name\" content=\"oooo411 Audi Reference\" \/>\n<meta property=\"article:published_time\" content=\"1977-02-01T19:11:00+00:00\" \/>\n<meta property=\"article:modified_time\" content=\"2025-12-10T19:20:54+00:00\" \/>\n<meta property=\"og:image\" content=\"https:\/\/ooooiykyk.com\/audiarchives\/wp-content\/uploads\/sites\/2\/2025\/12\/Audi-100-C2-2-Door-header-front.jpg\" \/>\n\t<meta property=\"og:image:width\" content=\"2000\" \/>\n\t<meta property=\"og:image:height\" content=\"1250\" \/>\n\t<meta property=\"og:image:type\" content=\"image\/jpeg\" \/>\n<meta name=\"author\" content=\"georgeachorn\" \/>\n<meta name=\"twitter:card\" content=\"summary_large_image\" \/>\n<meta name=\"twitter:label1\" content=\"Written by\" \/>\n\t<meta name=\"twitter:data1\" content=\"georgeachorn\" \/>\n\t<meta name=\"twitter:label2\" content=\"Est. reading time\" \/>\n\t<meta name=\"twitter:data2\" content=\"5 minutes\" \/>\n<script type=\"application\/ld+json\" class=\"yoast-schema-graph\">{\"@context\":\"https:\\\/\\\/schema.org\",\"@graph\":[{\"@type\":\"Article\",\"@id\":\"https:\\\/\\\/ooooiykyk.com\\\/audiarchives\\\/1977\\\/02\\\/01\\\/audi-100-2-door-sedan-eu-%f0%9f%87%aa%f0%9f%87%ba-c2-type-43-1976-1982\\\/#article\",\"isPartOf\":{\"@id\":\"https:\\\/\\\/ooooiykyk.com\\\/audiarchives\\\/1977\\\/02\\\/01\\\/audi-100-2-door-sedan-eu-%f0%9f%87%aa%f0%9f%87%ba-c2-type-43-1976-1982\\\/\"},\"author\":{\"name\":\"georgeachorn\",\"@id\":\"https:\\\/\\\/ooooiykyk.com\\\/audiarchives\\\/#\\\/schema\\\/person\\\/130f277be59b62a0ee49e51a09e0efcd\"},\"headline\":\"Audi 100 2-Door Sedan &#8211; EU \ud83c\uddea\ud83c\uddfa (C2 \\\/ type 43, 1976-1982)\",\"datePublished\":\"1977-02-01T19:11:00+00:00\",\"dateModified\":\"2025-12-10T19:20:54+00:00\",\"mainEntityOfPage\":{\"@id\":\"https:\\\/\\\/ooooiykyk.com\\\/audiarchives\\\/1977\\\/02\\\/01\\\/audi-100-2-door-sedan-eu-%f0%9f%87%aa%f0%9f%87%ba-c2-type-43-1976-1982\\\/\"},\"wordCount\":745,\"commentCount\":0,\"image\":{\"@id\":\"https:\\\/\\\/ooooiykyk.com\\\/audiarchives\\\/1977\\\/02\\\/01\\\/audi-100-2-door-sedan-eu-%f0%9f%87%aa%f0%9f%87%ba-c2-type-43-1976-1982\\\/#primaryimage\"},\"thumbnailUrl\":\"https:\\\/\\\/ooooiykyk.com\\\/audiarchives\\\/wp-content\\\/uploads\\\/sites\\\/2\\\/2025\\\/12\\\/Audi-100-C2-2-Door-header-front.jpg\",\"keywords\":[\"100\",\"1977\",\"1978\",\"1979\",\"1980\",\"1981\",\"1982\",\"2-Door Sedan\",\"C2\",\"C2 100\",\"C2 100 2-Door\",\"type 43\"],\"articleSection\":[\"Road Cars\"],\"inLanguage\":\"en-US\",\"potentialAction\":[{\"@type\":\"CommentAction\",\"name\":\"Comment\",\"target\":[\"https:\\\/\\\/ooooiykyk.com\\\/audiarchives\\\/1977\\\/02\\\/01\\\/audi-100-2-door-sedan-eu-%f0%9f%87%aa%f0%9f%87%ba-c2-type-43-1976-1982\\\/#respond\"]}]},{\"@type\":\"WebPage\",\"@id\":\"https:\\\/\\\/ooooiykyk.com\\\/audiarchives\\\/1977\\\/02\\\/01\\\/audi-100-2-door-sedan-eu-%f0%9f%87%aa%f0%9f%87%ba-c2-type-43-1976-1982\\\/\",\"url\":\"https:\\\/\\\/ooooiykyk.com\\\/audiarchives\\\/1977\\\/02\\\/01\\\/audi-100-2-door-sedan-eu-%f0%9f%87%aa%f0%9f%87%ba-c2-type-43-1976-1982\\\/\",\"name\":\"Audi 100 2-Door Sedan - EU \ud83c\uddea\ud83c\uddfa (C2 \\\/ type 43, 1976-1982) - oooo411 Audi Reference\",\"isPartOf\":{\"@id\":\"https:\\\/\\\/ooooiykyk.com\\\/audiarchives\\\/#website\"},\"primaryImageOfPage\":{\"@id\":\"https:\\\/\\\/ooooiykyk.com\\\/audiarchives\\\/1977\\\/02\\\/01\\\/audi-100-2-door-sedan-eu-%f0%9f%87%aa%f0%9f%87%ba-c2-type-43-1976-1982\\\/#primaryimage\"},\"image\":{\"@id\":\"https:\\\/\\\/ooooiykyk.com\\\/audiarchives\\\/1977\\\/02\\\/01\\\/audi-100-2-door-sedan-eu-%f0%9f%87%aa%f0%9f%87%ba-c2-type-43-1976-1982\\\/#primaryimage\"},\"thumbnailUrl\":\"https:\\\/\\\/ooooiykyk.com\\\/audiarchives\\\/wp-content\\\/uploads\\\/sites\\\/2\\\/2025\\\/12\\\/Audi-100-C2-2-Door-header-front.jpg\",\"datePublished\":\"1977-02-01T19:11:00+00:00\",\"dateModified\":\"2025-12-10T19:20:54+00:00\",\"author\":{\"@id\":\"https:\\\/\\\/ooooiykyk.com\\\/audiarchives\\\/#\\\/schema\\\/person\\\/130f277be59b62a0ee49e51a09e0efcd\"},\"breadcrumb\":{\"@id\":\"https:\\\/\\\/ooooiykyk.com\\\/audiarchives\\\/1977\\\/02\\\/01\\\/audi-100-2-door-sedan-eu-%f0%9f%87%aa%f0%9f%87%ba-c2-type-43-1976-1982\\\/#breadcrumb\"},\"inLanguage\":\"en-US\",\"potentialAction\":[{\"@type\":\"ReadAction\",\"target\":[\"https:\\\/\\\/ooooiykyk.com\\\/audiarchives\\\/1977\\\/02\\\/01\\\/audi-100-2-door-sedan-eu-%f0%9f%87%aa%f0%9f%87%ba-c2-type-43-1976-1982\\\/\"]}]},{\"@type\":\"ImageObject\",\"inLanguage\":\"en-US\",\"@id\":\"https:\\\/\\\/ooooiykyk.com\\\/audiarchives\\\/1977\\\/02\\\/01\\\/audi-100-2-door-sedan-eu-%f0%9f%87%aa%f0%9f%87%ba-c2-type-43-1976-1982\\\/#primaryimage\",\"url\":\"https:\\\/\\\/ooooiykyk.com\\\/audiarchives\\\/wp-content\\\/uploads\\\/sites\\\/2\\\/2025\\\/12\\\/Audi-100-C2-2-Door-header-front.jpg\",\"contentUrl\":\"https:\\\/\\\/ooooiykyk.com\\\/audiarchives\\\/wp-content\\\/uploads\\\/sites\\\/2\\\/2025\\\/12\\\/Audi-100-C2-2-Door-header-front.jpg\",\"width\":2000,\"height\":1250},{\"@type\":\"BreadcrumbList\",\"@id\":\"https:\\\/\\\/ooooiykyk.com\\\/audiarchives\\\/1977\\\/02\\\/01\\\/audi-100-2-door-sedan-eu-%f0%9f%87%aa%f0%9f%87%ba-c2-type-43-1976-1982\\\/#breadcrumb\",\"itemListElement\":[{\"@type\":\"ListItem\",\"position\":1,\"name\":\"Home\",\"item\":\"https:\\\/\\\/ooooiykyk.com\\\/audiarchives\\\/\"},{\"@type\":\"ListItem\",\"position\":2,\"name\":\"Audi 100 2-Door Sedan &#8211; EU \ud83c\uddea\ud83c\uddfa (C2 \\\/ type 43, 1976-1982)\"}]},{\"@type\":\"WebSite\",\"@id\":\"https:\\\/\\\/ooooiykyk.com\\\/audiarchives\\\/#website\",\"url\":\"https:\\\/\\\/ooooiykyk.com\\\/audiarchives\\\/\",\"name\":\"oooo411 Audi Reference\",\"description\":\"The oooo411 Audi Archives by ooooIYKYK\",\"potentialAction\":[{\"@type\":\"SearchAction\",\"target\":{\"@type\":\"EntryPoint\",\"urlTemplate\":\"https:\\\/\\\/ooooiykyk.com\\\/audiarchives\\\/?s={search_term_string}\"},\"query-input\":{\"@type\":\"PropertyValueSpecification\",\"valueRequired\":true,\"valueName\":\"search_term_string\"}}],\"inLanguage\":\"en-US\"},{\"@type\":\"Person\",\"@id\":\"https:\\\/\\\/ooooiykyk.com\\\/audiarchives\\\/#\\\/schema\\\/person\\\/130f277be59b62a0ee49e51a09e0efcd\",\"name\":\"georgeachorn\",\"image\":{\"@type\":\"ImageObject\",\"inLanguage\":\"en-US\",\"@id\":\"https:\\\/\\\/secure.gravatar.com\\\/avatar\\\/b6322670f810a641a921e7cb32311b55be881e37ed8fb867f643242c636b2b44?s=96&d=mm&r=g\",\"url\":\"https:\\\/\\\/secure.gravatar.com\\\/avatar\\\/b6322670f810a641a921e7cb32311b55be881e37ed8fb867f643242c636b2b44?s=96&d=mm&r=g\",\"contentUrl\":\"https:\\\/\\\/secure.gravatar.com\\\/avatar\\\/b6322670f810a641a921e7cb32311b55be881e37ed8fb867f643242c636b2b44?s=96&d=mm&r=g\",\"caption\":\"georgeachorn\"},\"url\":\"https:\\\/\\\/ooooiykyk.com\\\/audiarchives\\\/author\\\/georgeachorn\\\/\"}]}<\/script>\n<!-- \/ Yoast SEO plugin. -->","yoast_head_json":{"title":"Audi 100 2-Door Sedan - EU \ud83c\uddea\ud83c\uddfa (C2 \/ type 43, 1976-1982) - oooo411 Audi Reference","robots":{"index":"index","follow":"follow","max-snippet":"max-snippet:-1","max-image-preview":"max-image-preview:large","max-video-preview":"max-video-preview:-1"},"canonical":"https:\/\/ooooiykyk.com\/audiarchives\/1977\/02\/01\/audi-100-2-door-sedan-eu-\ud83c\uddea\ud83c\uddfa-c2-type-43-1976-1982\/","og_locale":"en_US","og_type":"article","og_title":"Audi 100 2-Door Sedan - EU \ud83c\uddea\ud83c\uddfa (C2 \/ type 43, 1976-1982) - oooo411 Audi Reference","og_description":"\/ Eras \/ Audi Postwar Era\/ Audi 100 \/ 100 (C2, type 43) What:&nbsp;100 2-Door Sedan (C2)Model Family:&nbsp;100Market \/ Zone: EUProduction Location: Ingolstadt, Germany &amp; Neckarsulm, GermanyDebut: Luxembourg, 1976Year: 1977, 1978, 1979, 1980, 1981, 1982Number Produced:&nbsp;887,647 (source: Wikipedia)Model \/ Generation Code(s): Type 43Chassis \/ Matrix: C2Engine(s):&nbsp;1.6l 4-cylinder, 1.9l 5-cylinder, 2.0l 4-cylinder, 2.1l 5-cylinder, 2.1l 5-cylinder turbo, 2.0l 5-cylinder diesel, 2.0l 5-cylinder turbo dieselTransmission(s): 5-speed Manual, 3-speed Automatic Designer:&nbsp;Ludwig KrausPredecessor:&nbsp;Audi 100 (C1)Successor:&nbsp;Audi 100 (C3, type 44) The&nbsp;Audi 100 (C2) two-door sedan&nbsp;is [&hellip;]","og_url":"https:\/\/ooooiykyk.com\/audiarchives\/1977\/02\/01\/audi-100-2-door-sedan-eu-\ud83c\uddea\ud83c\uddfa-c2-type-43-1976-1982\/","og_site_name":"oooo411 Audi Reference","article_published_time":"1977-02-01T19:11:00+00:00","article_modified_time":"2025-12-10T19:20:54+00:00","og_image":[{"width":2000,"height":1250,"url":"https:\/\/ooooiykyk.com\/audiarchives\/wp-content\/uploads\/sites\/2\/2025\/12\/Audi-100-C2-2-Door-header-front.jpg","type":"image\/jpeg"}],"author":"georgeachorn","twitter_card":"summary_large_image","twitter_misc":{"Written by":"georgeachorn","Est. reading time":"5 minutes"},"schema":{"@context":"https:\/\/schema.org","@graph":[{"@type":"Article","@id":"https:\/\/ooooiykyk.com\/audiarchives\/1977\/02\/01\/audi-100-2-door-sedan-eu-%f0%9f%87%aa%f0%9f%87%ba-c2-type-43-1976-1982\/#article","isPartOf":{"@id":"https:\/\/ooooiykyk.com\/audiarchives\/1977\/02\/01\/audi-100-2-door-sedan-eu-%f0%9f%87%aa%f0%9f%87%ba-c2-type-43-1976-1982\/"},"author":{"name":"georgeachorn","@id":"https:\/\/ooooiykyk.com\/audiarchives\/#\/schema\/person\/130f277be59b62a0ee49e51a09e0efcd"},"headline":"Audi 100 2-Door Sedan &#8211; EU \ud83c\uddea\ud83c\uddfa (C2 \/ type 43, 1976-1982)","datePublished":"1977-02-01T19:11:00+00:00","dateModified":"2025-12-10T19:20:54+00:00","mainEntityOfPage":{"@id":"https:\/\/ooooiykyk.com\/audiarchives\/1977\/02\/01\/audi-100-2-door-sedan-eu-%f0%9f%87%aa%f0%9f%87%ba-c2-type-43-1976-1982\/"},"wordCount":745,"commentCount":0,"image":{"@id":"https:\/\/ooooiykyk.com\/audiarchives\/1977\/02\/01\/audi-100-2-door-sedan-eu-%f0%9f%87%aa%f0%9f%87%ba-c2-type-43-1976-1982\/#primaryimage"},"thumbnailUrl":"https:\/\/ooooiykyk.com\/audiarchives\/wp-content\/uploads\/sites\/2\/2025\/12\/Audi-100-C2-2-Door-header-front.jpg","keywords":["100","1977","1978","1979","1980","1981","1982","2-Door Sedan","C2","C2 100","C2 100 2-Door","type 43"],"articleSection":["Road Cars"],"inLanguage":"en-US","potentialAction":[{"@type":"CommentAction","name":"Comment","target":["https:\/\/ooooiykyk.com\/audiarchives\/1977\/02\/01\/audi-100-2-door-sedan-eu-%f0%9f%87%aa%f0%9f%87%ba-c2-type-43-1976-1982\/#respond"]}]},{"@type":"WebPage","@id":"https:\/\/ooooiykyk.com\/audiarchives\/1977\/02\/01\/audi-100-2-door-sedan-eu-%f0%9f%87%aa%f0%9f%87%ba-c2-type-43-1976-1982\/","url":"https:\/\/ooooiykyk.com\/audiarchives\/1977\/02\/01\/audi-100-2-door-sedan-eu-%f0%9f%87%aa%f0%9f%87%ba-c2-type-43-1976-1982\/","name":"Audi 100 2-Door Sedan - EU \ud83c\uddea\ud83c\uddfa (C2 \/ type 43, 1976-1982) - oooo411 Audi Reference","isPartOf":{"@id":"https:\/\/ooooiykyk.com\/audiarchives\/#website"},"primaryImageOfPage":{"@id":"https:\/\/ooooiykyk.com\/audiarchives\/1977\/02\/01\/audi-100-2-door-sedan-eu-%f0%9f%87%aa%f0%9f%87%ba-c2-type-43-1976-1982\/#primaryimage"},"image":{"@id":"https:\/\/ooooiykyk.com\/audiarchives\/1977\/02\/01\/audi-100-2-door-sedan-eu-%f0%9f%87%aa%f0%9f%87%ba-c2-type-43-1976-1982\/#primaryimage"},"thumbnailUrl":"https:\/\/ooooiykyk.com\/audiarchives\/wp-content\/uploads\/sites\/2\/2025\/12\/Audi-100-C2-2-Door-header-front.jpg","datePublished":"1977-02-01T19:11:00+00:00","dateModified":"2025-12-10T19:20:54+00:00","author":{"@id":"https:\/\/ooooiykyk.com\/audiarchives\/#\/schema\/person\/130f277be59b62a0ee49e51a09e0efcd"},"breadcrumb":{"@id":"https:\/\/ooooiykyk.com\/audiarchives\/1977\/02\/01\/audi-100-2-door-sedan-eu-%f0%9f%87%aa%f0%9f%87%ba-c2-type-43-1976-1982\/#breadcrumb"},"inLanguage":"en-US","potentialAction":[{"@type":"ReadAction","target":["https:\/\/ooooiykyk.com\/audiarchives\/1977\/02\/01\/audi-100-2-door-sedan-eu-%f0%9f%87%aa%f0%9f%87%ba-c2-type-43-1976-1982\/"]}]},{"@type":"ImageObject","inLanguage":"en-US","@id":"https:\/\/ooooiykyk.com\/audiarchives\/1977\/02\/01\/audi-100-2-door-sedan-eu-%f0%9f%87%aa%f0%9f%87%ba-c2-type-43-1976-1982\/#primaryimage","url":"https:\/\/ooooiykyk.com\/audiarchives\/wp-content\/uploads\/sites\/2\/2025\/12\/Audi-100-C2-2-Door-header-front.jpg","contentUrl":"https:\/\/ooooiykyk.com\/audiarchives\/wp-content\/uploads\/sites\/2\/2025\/12\/Audi-100-C2-2-Door-header-front.jpg","width":2000,"height":1250},{"@type":"BreadcrumbList","@id":"https:\/\/ooooiykyk.com\/audiarchives\/1977\/02\/01\/audi-100-2-door-sedan-eu-%f0%9f%87%aa%f0%9f%87%ba-c2-type-43-1976-1982\/#breadcrumb","itemListElement":[{"@type":"ListItem","position":1,"name":"Home","item":"https:\/\/ooooiykyk.com\/audiarchives\/"},{"@type":"ListItem","position":2,"name":"Audi 100 2-Door Sedan &#8211; EU \ud83c\uddea\ud83c\uddfa (C2 \/ type 43, 1976-1982)"}]},{"@type":"WebSite","@id":"https:\/\/ooooiykyk.com\/audiarchives\/#website","url":"https:\/\/ooooiykyk.com\/audiarchives\/","name":"oooo411 Audi Reference","description":"The oooo411 Audi Archives by ooooIYKYK","potentialAction":[{"@type":"SearchAction","target":{"@type":"EntryPoint","urlTemplate":"https:\/\/ooooiykyk.com\/audiarchives\/?s={search_term_string}"},"query-input":{"@type":"PropertyValueSpecification","valueRequired":true,"valueName":"search_term_string"}}],"inLanguage":"en-US"},{"@type":"Person","@id":"https:\/\/ooooiykyk.com\/audiarchives\/#\/schema\/person\/130f277be59b62a0ee49e51a09e0efcd","name":"georgeachorn","image":{"@type":"ImageObject","inLanguage":"en-US","@id":"https:\/\/secure.gravatar.com\/avatar\/b6322670f810a641a921e7cb32311b55be881e37ed8fb867f643242c636b2b44?s=96&d=mm&r=g","url":"https:\/\/secure.gravatar.com\/avatar\/b6322670f810a641a921e7cb32311b55be881e37ed8fb867f643242c636b2b44?s=96&d=mm&r=g","contentUrl":"https:\/\/secure.gravatar.com\/avatar\/b6322670f810a641a921e7cb32311b55be881e37ed8fb867f643242c636b2b44?s=96&d=mm&r=g","caption":"georgeachorn"},"url":"https:\/\/ooooiykyk.com\/audiarchives\/author\/georgeachorn\/"}]}},"_links":{"self":[{"href":"https:\/\/ooooiykyk.com\/audiarchives\/wp-json\/wp\/v2\/posts\/4561","targetHints":{"allow":["GET"]}}],"collection":[{"href":"https:\/\/ooooiykyk.com\/audiarchives\/wp-json\/wp\/v2\/posts"}],"about":[{"href":"https:\/\/ooooiykyk.com\/audiarchives\/wp-json\/wp\/v2\/types\/post"}],"author":[{"embeddable":true,"href":"https:\/\/ooooiykyk.com\/audiarchives\/wp-json\/wp\/v2\/users\/2"}],"replies":[{"embeddable":true,"href":"https:\/\/ooooiykyk.com\/audiarchives\/wp-json\/wp\/v2\/comments?post=4561"}],"version-history":[{"count":4,"href":"https:\/\/ooooiykyk.com\/audiarchives\/wp-json\/wp\/v2\/posts\/4561\/revisions"}],"predecessor-version":[{"id":4954,"href":"https:\/\/ooooiykyk.com\/audiarchives\/wp-json\/wp\/v2\/posts\/4561\/revisions\/4954"}],"wp:featuredmedia":[{"embeddable":true,"href":"https:\/\/ooooiykyk.com\/audiarchives\/wp-json\/wp\/v2\/media\/4564"}],"wp:attachment":[{"href":"https:\/\/ooooiykyk.com\/audiarchives\/wp-json\/wp\/v2\/media?parent=4561"}],"wp:term":[{"taxonomy":"category","embeddable":true,"href":"https:\/\/ooooiykyk.com\/audiarchives\/wp-json\/wp\/v2\/categories?post=4561"},{"taxonomy":"post_tag","embeddable":true,"href":"https:\/\/ooooiykyk.com\/audiarchives\/wp-json\/wp\/v2\/tags?post=4561"}],"curies":[{"name":"wp","href":"https:\/\/api.w.org\/{rel}","templated":true}]}}