{"id":1707,"date":"2025-06-11T18:16:24","date_gmt":"2025-06-11T18:16:24","guid":{"rendered":"https:\/\/ooooiykyk.com\/audiarchives\/?p=1707"},"modified":"2025-06-18T20:04:17","modified_gmt":"2025-06-18T20:04:17","slug":"audi-q5-suv-e-hybrid-quattro-eu-%f0%9f%87%aa%f0%9f%87%ba-b10-from-2025","status":"publish","type":"post","link":"https:\/\/ooooiykyk.com\/audiarchives\/2025\/06\/11\/audi-q5-suv-e-hybrid-quattro-eu-%f0%9f%87%aa%f0%9f%87%ba-b10-from-2025\/","title":{"rendered":"Audi Q5 SUV e-hybrid quattro &#8211; EU \ud83c\uddea\ud83c\uddfa (B10, from 2025)"},"content":{"rendered":"\n<p><strong>What:\u00a0<\/strong><a href=\"https:\/\/ooooiykyk.com\/audiarchives\/tag\/q5-e-hybrid\/\">Q5 e-hybrid<\/a> SUV<br><strong>Model Family:<\/strong>\u00a0<a href=\"https:\/\/ooooiykyk.com\/audiarchives\/tag\/q5\/\">Q5<\/a><br><strong>Market \/ Zone: <\/strong><a href=\"https:\/\/ooooiykyk.com\/audiarchives\/tag\/eu\/\">EU<\/a><br><strong>Year:<\/strong> <a href=\"https:\/\/ooooiykyk.com\/audiarchives\/tag\/2025\/\">2025<\/a> to current<br><strong>Number Produced:<\/strong>\u00a0N\/A<br><strong>Model \/ Generation Code(s):<\/strong> <a href=\"https:\/\/ooooiykyk.com\/audiarchives\/tag\/B10\/\">B10<\/a>, <a href=\"https:\/\/ooooiykyk.com\/audiarchives\/tag\/type-gu\/\">type GU<\/a><br><strong>Chassis \/ Matrix:<\/strong> <a href=\"https:\/\/ooooiykyk.com\/audiarchives\/tag\/ppc\/\">PPC<\/a><br><strong>Engine:<\/strong>\u00a02.0 TFSI<br><strong>Total Power Output:<\/strong> 220 kW and 270 kW<br><strong>Horsepower: <\/strong>25.9 kWh (net 20.7 kWh)<br><strong>Electric Power:<\/strong> 105 kW<br><strong>Peak Torque:<\/strong> 270 kW and 500 Nm (270 kW version)<br><strong>Battery Capacity:<\/strong> 25.9 kWh (net 20.7 kWh)<strong><br>Charging Capacity:<\/strong> 11 kW<br><strong>Electric<\/strong> <strong>Range: <\/strong>100 km<br><strong>Acceleration (0-100 km \/ 62 mph:<\/strong> 0 to 100 km\/h in 5.1 seconds (270 kW version)<\/p>\n\n\n\n<p>WHEEL \/ TIRE&nbsp;<strong>DETAILS<\/strong><strong><\/strong><\/p>\n\n\n\n<p><strong>Wheel Diameter(s):<br>Tire Size(s):<br>Bolt Pattern:<br>Offset:<\/strong><\/p>\n\n\n\n<p><strong>Summary:<\/strong><\/p>\n\n\n\n<p>Launched in June 2025, this Q5 with hybrid drive is available for Europe.<\/p>\n\n\n\n<hr class=\"wp-block-separator has-alpha-channel-opacity\"\/>\n\n\n\n<p>PHOTO GALLERY <strong>Q5 SUV E-HYBRID<\/strong><\/p>\n\n\n\n<figure class=\"wp-block-gallery has-nested-images columns-default is-cropped wp-block-gallery-1 is-layout-flex wp-block-gallery-is-layout-flex\">\n<figure data-wp-context=\"{&quot;imageId&quot;:&quot;69f3b89fc1d49&quot;}\" data-wp-interactive=\"core\/image\" data-wp-key=\"69f3b89fc1d49\" class=\"wp-block-image size-large wp-lightbox-container\"><img decoding=\"async\" width=\"1024\" height=\"640\" data-wp-class--hide=\"state.isContentHidden\" data-wp-class--show=\"state.isContentVisible\" data-wp-init=\"callbacks.setButtonStyles\" data-wp-on--click=\"actions.showLightbox\" data-wp-on--load=\"callbacks.setButtonStyles\" data-wp-on-window--resize=\"callbacks.setButtonStyles\" data-id=\"1711\" src=\"https:\/\/ooooiykyk.com\/audiarchives\/wp-content\/uploads\/sites\/2\/2025\/06\/Audi-Q5-e-hybrid-SUV-565-1024x640.jpg\" alt=\"\" class=\"wp-image-1711\" srcset=\"https:\/\/ooooiykyk.com\/audiarchives\/wp-content\/uploads\/sites\/2\/2025\/06\/Audi-Q5-e-hybrid-SUV-565-1024x640.jpg 1024w, https:\/\/ooooiykyk.com\/audiarchives\/wp-content\/uploads\/sites\/2\/2025\/06\/Audi-Q5-e-hybrid-SUV-565-300x188.jpg 300w, https:\/\/ooooiykyk.com\/audiarchives\/wp-content\/uploads\/sites\/2\/2025\/06\/Audi-Q5-e-hybrid-SUV-565-768x480.jpg 768w, https:\/\/ooooiykyk.com\/audiarchives\/wp-content\/uploads\/sites\/2\/2025\/06\/Audi-Q5-e-hybrid-SUV-565-1536x960.jpg 1536w, https:\/\/ooooiykyk.com\/audiarchives\/wp-content\/uploads\/sites\/2\/2025\/06\/Audi-Q5-e-hybrid-SUV-565-770x481.jpg 770w, https:\/\/ooooiykyk.com\/audiarchives\/wp-content\/uploads\/sites\/2\/2025\/06\/Audi-Q5-e-hybrid-SUV-565-1400x875.jpg 1400w, https:\/\/ooooiykyk.com\/audiarchives\/wp-content\/uploads\/sites\/2\/2025\/06\/Audi-Q5-e-hybrid-SUV-565.jpg 2000w\" sizes=\"(max-width: 1024px) 100vw, 1024px\" \/><button\n\t\t\tclass=\"lightbox-trigger\"\n\t\t\ttype=\"button\"\n\t\t\taria-haspopup=\"dialog\"\n\t\t\taria-label=\"Enlarge\"\n\t\t\tdata-wp-init=\"callbacks.initTriggerButton\"\n\t\t\tdata-wp-on--click=\"actions.showLightbox\"\n\t\t\tdata-wp-style--right=\"state.imageButtonRight\"\n\t\t\tdata-wp-style--top=\"state.imageButtonTop\"\n\t\t>\n\t\t\t<svg xmlns=\"http:\/\/www.w3.org\/2000\/svg\" width=\"12\" height=\"12\" fill=\"none\" viewBox=\"0 0 12 12\">\n\t\t\t\t<path fill=\"#fff\" d=\"M2 0a2 2 0 0 0-2 2v2h1.5V2a.5.5 0 0 1 .5-.5h2V0H2Zm2 10.5H2a.5.5 0 0 1-.5-.5V8H0v2a2 2 0 0 0 2 2h2v-1.5ZM8 12v-1.5h2a.5.5 0 0 0 .5-.5V8H12v2a2 2 0 0 1-2 2H8Zm2-12a2 2 0 0 1 2 2v2h-1.5V2a.5.5 0 0 0-.5-.5H8V0h2Z\" \/>\n\t\t\t<\/svg>\n\t\t<\/button><\/figure>\n\n\n\n<figure data-wp-context=\"{&quot;imageId&quot;:&quot;69f3b89fc21e1&quot;}\" data-wp-interactive=\"core\/image\" data-wp-key=\"69f3b89fc21e1\" class=\"wp-block-image size-large wp-lightbox-container\"><img decoding=\"async\" width=\"1024\" height=\"640\" data-wp-class--hide=\"state.isContentHidden\" data-wp-class--show=\"state.isContentVisible\" data-wp-init=\"callbacks.setButtonStyles\" data-wp-on--click=\"actions.showLightbox\" data-wp-on--load=\"callbacks.setButtonStyles\" data-wp-on-window--resize=\"callbacks.setButtonStyles\" data-id=\"1712\" src=\"https:\/\/ooooiykyk.com\/audiarchives\/wp-content\/uploads\/sites\/2\/2025\/06\/Audi-Q5-e-hybrid-SUV-566-1024x640.jpg\" alt=\"\" class=\"wp-image-1712\" srcset=\"https:\/\/ooooiykyk.com\/audiarchives\/wp-content\/uploads\/sites\/2\/2025\/06\/Audi-Q5-e-hybrid-SUV-566-1024x640.jpg 1024w, https:\/\/ooooiykyk.com\/audiarchives\/wp-content\/uploads\/sites\/2\/2025\/06\/Audi-Q5-e-hybrid-SUV-566-300x188.jpg 300w, https:\/\/ooooiykyk.com\/audiarchives\/wp-content\/uploads\/sites\/2\/2025\/06\/Audi-Q5-e-hybrid-SUV-566-768x480.jpg 768w, https:\/\/ooooiykyk.com\/audiarchives\/wp-content\/uploads\/sites\/2\/2025\/06\/Audi-Q5-e-hybrid-SUV-566-1536x960.jpg 1536w, https:\/\/ooooiykyk.com\/audiarchives\/wp-content\/uploads\/sites\/2\/2025\/06\/Audi-Q5-e-hybrid-SUV-566-770x481.jpg 770w, https:\/\/ooooiykyk.com\/audiarchives\/wp-content\/uploads\/sites\/2\/2025\/06\/Audi-Q5-e-hybrid-SUV-566-1400x875.jpg 1400w, https:\/\/ooooiykyk.com\/audiarchives\/wp-content\/uploads\/sites\/2\/2025\/06\/Audi-Q5-e-hybrid-SUV-566.jpg 2000w\" sizes=\"(max-width: 1024px) 100vw, 1024px\" \/><button\n\t\t\tclass=\"lightbox-trigger\"\n\t\t\ttype=\"button\"\n\t\t\taria-haspopup=\"dialog\"\n\t\t\taria-label=\"Enlarge\"\n\t\t\tdata-wp-init=\"callbacks.initTriggerButton\"\n\t\t\tdata-wp-on--click=\"actions.showLightbox\"\n\t\t\tdata-wp-style--right=\"state.imageButtonRight\"\n\t\t\tdata-wp-style--top=\"state.imageButtonTop\"\n\t\t>\n\t\t\t<svg xmlns=\"http:\/\/www.w3.org\/2000\/svg\" width=\"12\" height=\"12\" fill=\"none\" viewBox=\"0 0 12 12\">\n\t\t\t\t<path fill=\"#fff\" d=\"M2 0a2 2 0 0 0-2 2v2h1.5V2a.5.5 0 0 1 .5-.5h2V0H2Zm2 10.5H2a.5.5 0 0 1-.5-.5V8H0v2a2 2 0 0 0 2 2h2v-1.5ZM8 12v-1.5h2a.5.5 0 0 0 .5-.5V8H12v2a2 2 0 0 1-2 2H8Zm2-12a2 2 0 0 1 2 2v2h-1.5V2a.5.5 0 0 0-.5-.5H8V0h2Z\" \/>\n\t\t\t<\/svg>\n\t\t<\/button><\/figure>\n\n\n\n<figure data-wp-context=\"{&quot;imageId&quot;:&quot;69f3b89fc259d&quot;}\" data-wp-interactive=\"core\/image\" data-wp-key=\"69f3b89fc259d\" class=\"wp-block-image size-large wp-lightbox-container\"><img decoding=\"async\" width=\"1024\" height=\"640\" data-wp-class--hide=\"state.isContentHidden\" data-wp-class--show=\"state.isContentVisible\" data-wp-init=\"callbacks.setButtonStyles\" data-wp-on--click=\"actions.showLightbox\" data-wp-on--load=\"callbacks.setButtonStyles\" data-wp-on-window--resize=\"callbacks.setButtonStyles\" data-id=\"1713\" src=\"https:\/\/ooooiykyk.com\/audiarchives\/wp-content\/uploads\/sites\/2\/2025\/06\/Audi-Q5-e-hybrid-SUV-567-1024x640.jpg\" alt=\"\" class=\"wp-image-1713\" srcset=\"https:\/\/ooooiykyk.com\/audiarchives\/wp-content\/uploads\/sites\/2\/2025\/06\/Audi-Q5-e-hybrid-SUV-567-1024x640.jpg 1024w, https:\/\/ooooiykyk.com\/audiarchives\/wp-content\/uploads\/sites\/2\/2025\/06\/Audi-Q5-e-hybrid-SUV-567-300x188.jpg 300w, https:\/\/ooooiykyk.com\/audiarchives\/wp-content\/uploads\/sites\/2\/2025\/06\/Audi-Q5-e-hybrid-SUV-567-768x480.jpg 768w, https:\/\/ooooiykyk.com\/audiarchives\/wp-content\/uploads\/sites\/2\/2025\/06\/Audi-Q5-e-hybrid-SUV-567-1536x960.jpg 1536w, https:\/\/ooooiykyk.com\/audiarchives\/wp-content\/uploads\/sites\/2\/2025\/06\/Audi-Q5-e-hybrid-SUV-567-770x481.jpg 770w, https:\/\/ooooiykyk.com\/audiarchives\/wp-content\/uploads\/sites\/2\/2025\/06\/Audi-Q5-e-hybrid-SUV-567-1400x875.jpg 1400w, https:\/\/ooooiykyk.com\/audiarchives\/wp-content\/uploads\/sites\/2\/2025\/06\/Audi-Q5-e-hybrid-SUV-567.jpg 2000w\" sizes=\"(max-width: 1024px) 100vw, 1024px\" \/><button\n\t\t\tclass=\"lightbox-trigger\"\n\t\t\ttype=\"button\"\n\t\t\taria-haspopup=\"dialog\"\n\t\t\taria-label=\"Enlarge\"\n\t\t\tdata-wp-init=\"callbacks.initTriggerButton\"\n\t\t\tdata-wp-on--click=\"actions.showLightbox\"\n\t\t\tdata-wp-style--right=\"state.imageButtonRight\"\n\t\t\tdata-wp-style--top=\"state.imageButtonTop\"\n\t\t>\n\t\t\t<svg xmlns=\"http:\/\/www.w3.org\/2000\/svg\" width=\"12\" height=\"12\" fill=\"none\" viewBox=\"0 0 12 12\">\n\t\t\t\t<path fill=\"#fff\" d=\"M2 0a2 2 0 0 0-2 2v2h1.5V2a.5.5 0 0 1 .5-.5h2V0H2Zm2 10.5H2a.5.5 0 0 1-.5-.5V8H0v2a2 2 0 0 0 2 2h2v-1.5ZM8 12v-1.5h2a.5.5 0 0 0 .5-.5V8H12v2a2 2 0 0 1-2 2H8Zm2-12a2 2 0 0 1 2 2v2h-1.5V2a.5.5 0 0 0-.5-.5H8V0h2Z\" \/>\n\t\t\t<\/svg>\n\t\t<\/button><\/figure>\n\n\n\n<figure data-wp-context=\"{&quot;imageId&quot;:&quot;69f3b89fc2964&quot;}\" data-wp-interactive=\"core\/image\" data-wp-key=\"69f3b89fc2964\" class=\"wp-block-image size-large wp-lightbox-container\"><img decoding=\"async\" width=\"1024\" height=\"640\" data-wp-class--hide=\"state.isContentHidden\" data-wp-class--show=\"state.isContentVisible\" data-wp-init=\"callbacks.setButtonStyles\" data-wp-on--click=\"actions.showLightbox\" data-wp-on--load=\"callbacks.setButtonStyles\" data-wp-on-window--resize=\"callbacks.setButtonStyles\" data-id=\"1714\" src=\"https:\/\/ooooiykyk.com\/audiarchives\/wp-content\/uploads\/sites\/2\/2025\/06\/Audi-Q5-e-hybrid-SUV-568-1024x640.jpg\" alt=\"\" class=\"wp-image-1714\" srcset=\"https:\/\/ooooiykyk.com\/audiarchives\/wp-content\/uploads\/sites\/2\/2025\/06\/Audi-Q5-e-hybrid-SUV-568-1024x640.jpg 1024w, https:\/\/ooooiykyk.com\/audiarchives\/wp-content\/uploads\/sites\/2\/2025\/06\/Audi-Q5-e-hybrid-SUV-568-300x188.jpg 300w, https:\/\/ooooiykyk.com\/audiarchives\/wp-content\/uploads\/sites\/2\/2025\/06\/Audi-Q5-e-hybrid-SUV-568-768x480.jpg 768w, https:\/\/ooooiykyk.com\/audiarchives\/wp-content\/uploads\/sites\/2\/2025\/06\/Audi-Q5-e-hybrid-SUV-568-1536x960.jpg 1536w, https:\/\/ooooiykyk.com\/audiarchives\/wp-content\/uploads\/sites\/2\/2025\/06\/Audi-Q5-e-hybrid-SUV-568-770x481.jpg 770w, https:\/\/ooooiykyk.com\/audiarchives\/wp-content\/uploads\/sites\/2\/2025\/06\/Audi-Q5-e-hybrid-SUV-568-1400x875.jpg 1400w, https:\/\/ooooiykyk.com\/audiarchives\/wp-content\/uploads\/sites\/2\/2025\/06\/Audi-Q5-e-hybrid-SUV-568.jpg 2000w\" sizes=\"(max-width: 1024px) 100vw, 1024px\" \/><button\n\t\t\tclass=\"lightbox-trigger\"\n\t\t\ttype=\"button\"\n\t\t\taria-haspopup=\"dialog\"\n\t\t\taria-label=\"Enlarge\"\n\t\t\tdata-wp-init=\"callbacks.initTriggerButton\"\n\t\t\tdata-wp-on--click=\"actions.showLightbox\"\n\t\t\tdata-wp-style--right=\"state.imageButtonRight\"\n\t\t\tdata-wp-style--top=\"state.imageButtonTop\"\n\t\t>\n\t\t\t<svg xmlns=\"http:\/\/www.w3.org\/2000\/svg\" width=\"12\" height=\"12\" fill=\"none\" viewBox=\"0 0 12 12\">\n\t\t\t\t<path fill=\"#fff\" d=\"M2 0a2 2 0 0 0-2 2v2h1.5V2a.5.5 0 0 1 .5-.5h2V0H2Zm2 10.5H2a.5.5 0 0 1-.5-.5V8H0v2a2 2 0 0 0 2 2h2v-1.5ZM8 12v-1.5h2a.5.5 0 0 0 .5-.5V8H12v2a2 2 0 0 1-2 2H8Zm2-12a2 2 0 0 1 2 2v2h-1.5V2a.5.5 0 0 0-.5-.5H8V0h2Z\" \/>\n\t\t\t<\/svg>\n\t\t<\/button><\/figure>\n\n\n\n<figure data-wp-context=\"{&quot;imageId&quot;:&quot;69f3b89fc2d32&quot;}\" data-wp-interactive=\"core\/image\" data-wp-key=\"69f3b89fc2d32\" class=\"wp-block-image size-large wp-lightbox-container\"><img decoding=\"async\" width=\"1024\" height=\"640\" data-wp-class--hide=\"state.isContentHidden\" data-wp-class--show=\"state.isContentVisible\" data-wp-init=\"callbacks.setButtonStyles\" data-wp-on--click=\"actions.showLightbox\" data-wp-on--load=\"callbacks.setButtonStyles\" data-wp-on-window--resize=\"callbacks.setButtonStyles\" data-id=\"1715\" src=\"https:\/\/ooooiykyk.com\/audiarchives\/wp-content\/uploads\/sites\/2\/2025\/06\/Audi-Q5-e-hybrid-SUV-569-1024x640.jpg\" alt=\"\" class=\"wp-image-1715\" srcset=\"https:\/\/ooooiykyk.com\/audiarchives\/wp-content\/uploads\/sites\/2\/2025\/06\/Audi-Q5-e-hybrid-SUV-569-1024x640.jpg 1024w, https:\/\/ooooiykyk.com\/audiarchives\/wp-content\/uploads\/sites\/2\/2025\/06\/Audi-Q5-e-hybrid-SUV-569-300x188.jpg 300w, https:\/\/ooooiykyk.com\/audiarchives\/wp-content\/uploads\/sites\/2\/2025\/06\/Audi-Q5-e-hybrid-SUV-569-768x480.jpg 768w, https:\/\/ooooiykyk.com\/audiarchives\/wp-content\/uploads\/sites\/2\/2025\/06\/Audi-Q5-e-hybrid-SUV-569-1536x960.jpg 1536w, https:\/\/ooooiykyk.com\/audiarchives\/wp-content\/uploads\/sites\/2\/2025\/06\/Audi-Q5-e-hybrid-SUV-569-770x481.jpg 770w, https:\/\/ooooiykyk.com\/audiarchives\/wp-content\/uploads\/sites\/2\/2025\/06\/Audi-Q5-e-hybrid-SUV-569-1400x875.jpg 1400w, https:\/\/ooooiykyk.com\/audiarchives\/wp-content\/uploads\/sites\/2\/2025\/06\/Audi-Q5-e-hybrid-SUV-569.jpg 2000w\" sizes=\"(max-width: 1024px) 100vw, 1024px\" \/><button\n\t\t\tclass=\"lightbox-trigger\"\n\t\t\ttype=\"button\"\n\t\t\taria-haspopup=\"dialog\"\n\t\t\taria-label=\"Enlarge\"\n\t\t\tdata-wp-init=\"callbacks.initTriggerButton\"\n\t\t\tdata-wp-on--click=\"actions.showLightbox\"\n\t\t\tdata-wp-style--right=\"state.imageButtonRight\"\n\t\t\tdata-wp-style--top=\"state.imageButtonTop\"\n\t\t>\n\t\t\t<svg xmlns=\"http:\/\/www.w3.org\/2000\/svg\" width=\"12\" height=\"12\" fill=\"none\" viewBox=\"0 0 12 12\">\n\t\t\t\t<path fill=\"#fff\" d=\"M2 0a2 2 0 0 0-2 2v2h1.5V2a.5.5 0 0 1 .5-.5h2V0H2Zm2 10.5H2a.5.5 0 0 1-.5-.5V8H0v2a2 2 0 0 0 2 2h2v-1.5ZM8 12v-1.5h2a.5.5 0 0 0 .5-.5V8H12v2a2 2 0 0 1-2 2H8Zm2-12a2 2 0 0 1 2 2v2h-1.5V2a.5.5 0 0 0-.5-.5H8V0h2Z\" \/>\n\t\t\t<\/svg>\n\t\t<\/button><\/figure>\n\n\n\n<figure data-wp-context=\"{&quot;imageId&quot;:&quot;69f3b89fc30eb&quot;}\" data-wp-interactive=\"core\/image\" data-wp-key=\"69f3b89fc30eb\" class=\"wp-block-image size-large wp-lightbox-container\"><img decoding=\"async\" width=\"1024\" height=\"640\" data-wp-class--hide=\"state.isContentHidden\" data-wp-class--show=\"state.isContentVisible\" data-wp-init=\"callbacks.setButtonStyles\" data-wp-on--click=\"actions.showLightbox\" data-wp-on--load=\"callbacks.setButtonStyles\" data-wp-on-window--resize=\"callbacks.setButtonStyles\" data-id=\"1716\" src=\"https:\/\/ooooiykyk.com\/audiarchives\/wp-content\/uploads\/sites\/2\/2025\/06\/Audi-Q5-e-hybrid-SUV-570-1024x640.jpg\" alt=\"\" class=\"wp-image-1716\" srcset=\"https:\/\/ooooiykyk.com\/audiarchives\/wp-content\/uploads\/sites\/2\/2025\/06\/Audi-Q5-e-hybrid-SUV-570-1024x640.jpg 1024w, https:\/\/ooooiykyk.com\/audiarchives\/wp-content\/uploads\/sites\/2\/2025\/06\/Audi-Q5-e-hybrid-SUV-570-300x188.jpg 300w, https:\/\/ooooiykyk.com\/audiarchives\/wp-content\/uploads\/sites\/2\/2025\/06\/Audi-Q5-e-hybrid-SUV-570-768x480.jpg 768w, https:\/\/ooooiykyk.com\/audiarchives\/wp-content\/uploads\/sites\/2\/2025\/06\/Audi-Q5-e-hybrid-SUV-570-1536x960.jpg 1536w, https:\/\/ooooiykyk.com\/audiarchives\/wp-content\/uploads\/sites\/2\/2025\/06\/Audi-Q5-e-hybrid-SUV-570-770x481.jpg 770w, https:\/\/ooooiykyk.com\/audiarchives\/wp-content\/uploads\/sites\/2\/2025\/06\/Audi-Q5-e-hybrid-SUV-570-1400x875.jpg 1400w, https:\/\/ooooiykyk.com\/audiarchives\/wp-content\/uploads\/sites\/2\/2025\/06\/Audi-Q5-e-hybrid-SUV-570.jpg 2000w\" sizes=\"(max-width: 1024px) 100vw, 1024px\" \/><button\n\t\t\tclass=\"lightbox-trigger\"\n\t\t\ttype=\"button\"\n\t\t\taria-haspopup=\"dialog\"\n\t\t\taria-label=\"Enlarge\"\n\t\t\tdata-wp-init=\"callbacks.initTriggerButton\"\n\t\t\tdata-wp-on--click=\"actions.showLightbox\"\n\t\t\tdata-wp-style--right=\"state.imageButtonRight\"\n\t\t\tdata-wp-style--top=\"state.imageButtonTop\"\n\t\t>\n\t\t\t<svg xmlns=\"http:\/\/www.w3.org\/2000\/svg\" width=\"12\" height=\"12\" fill=\"none\" viewBox=\"0 0 12 12\">\n\t\t\t\t<path fill=\"#fff\" d=\"M2 0a2 2 0 0 0-2 2v2h1.5V2a.5.5 0 0 1 .5-.5h2V0H2Zm2 10.5H2a.5.5 0 0 1-.5-.5V8H0v2a2 2 0 0 0 2 2h2v-1.5ZM8 12v-1.5h2a.5.5 0 0 0 .5-.5V8H12v2a2 2 0 0 1-2 2H8Zm2-12a2 2 0 0 1 2 2v2h-1.5V2a.5.5 0 0 0-.5-.5H8V0h2Z\" \/>\n\t\t\t<\/svg>\n\t\t<\/button><\/figure>\n\n\n\n<figure data-wp-context=\"{&quot;imageId&quot;:&quot;69f3b89fc34cb&quot;}\" data-wp-interactive=\"core\/image\" data-wp-key=\"69f3b89fc34cb\" class=\"wp-block-image size-large wp-lightbox-container\"><img decoding=\"async\" width=\"1024\" height=\"640\" data-wp-class--hide=\"state.isContentHidden\" data-wp-class--show=\"state.isContentVisible\" data-wp-init=\"callbacks.setButtonStyles\" data-wp-on--click=\"actions.showLightbox\" data-wp-on--load=\"callbacks.setButtonStyles\" data-wp-on-window--resize=\"callbacks.setButtonStyles\" data-id=\"1717\" src=\"https:\/\/ooooiykyk.com\/audiarchives\/wp-content\/uploads\/sites\/2\/2025\/06\/Audi-Q5-e-hybrid-SUV-571-1024x640.jpg\" alt=\"\" class=\"wp-image-1717\" srcset=\"https:\/\/ooooiykyk.com\/audiarchives\/wp-content\/uploads\/sites\/2\/2025\/06\/Audi-Q5-e-hybrid-SUV-571-1024x640.jpg 1024w, https:\/\/ooooiykyk.com\/audiarchives\/wp-content\/uploads\/sites\/2\/2025\/06\/Audi-Q5-e-hybrid-SUV-571-300x188.jpg 300w, https:\/\/ooooiykyk.com\/audiarchives\/wp-content\/uploads\/sites\/2\/2025\/06\/Audi-Q5-e-hybrid-SUV-571-768x480.jpg 768w, https:\/\/ooooiykyk.com\/audiarchives\/wp-content\/uploads\/sites\/2\/2025\/06\/Audi-Q5-e-hybrid-SUV-571-1536x960.jpg 1536w, https:\/\/ooooiykyk.com\/audiarchives\/wp-content\/uploads\/sites\/2\/2025\/06\/Audi-Q5-e-hybrid-SUV-571-770x481.jpg 770w, https:\/\/ooooiykyk.com\/audiarchives\/wp-content\/uploads\/sites\/2\/2025\/06\/Audi-Q5-e-hybrid-SUV-571-1400x875.jpg 1400w, https:\/\/ooooiykyk.com\/audiarchives\/wp-content\/uploads\/sites\/2\/2025\/06\/Audi-Q5-e-hybrid-SUV-571.jpg 2000w\" sizes=\"(max-width: 1024px) 100vw, 1024px\" \/><button\n\t\t\tclass=\"lightbox-trigger\"\n\t\t\ttype=\"button\"\n\t\t\taria-haspopup=\"dialog\"\n\t\t\taria-label=\"Enlarge\"\n\t\t\tdata-wp-init=\"callbacks.initTriggerButton\"\n\t\t\tdata-wp-on--click=\"actions.showLightbox\"\n\t\t\tdata-wp-style--right=\"state.imageButtonRight\"\n\t\t\tdata-wp-style--top=\"state.imageButtonTop\"\n\t\t>\n\t\t\t<svg xmlns=\"http:\/\/www.w3.org\/2000\/svg\" width=\"12\" height=\"12\" fill=\"none\" viewBox=\"0 0 12 12\">\n\t\t\t\t<path fill=\"#fff\" d=\"M2 0a2 2 0 0 0-2 2v2h1.5V2a.5.5 0 0 1 .5-.5h2V0H2Zm2 10.5H2a.5.5 0 0 1-.5-.5V8H0v2a2 2 0 0 0 2 2h2v-1.5ZM8 12v-1.5h2a.5.5 0 0 0 .5-.5V8H12v2a2 2 0 0 1-2 2H8Zm2-12a2 2 0 0 1 2 2v2h-1.5V2a.5.5 0 0 0-.5-.5H8V0h2Z\" \/>\n\t\t\t<\/svg>\n\t\t<\/button><\/figure>\n\n\n\n<figure data-wp-context=\"{&quot;imageId&quot;:&quot;69f3b89fc3885&quot;}\" data-wp-interactive=\"core\/image\" data-wp-key=\"69f3b89fc3885\" class=\"wp-block-image size-large wp-lightbox-container\"><img decoding=\"async\" width=\"1024\" height=\"640\" data-wp-class--hide=\"state.isContentHidden\" data-wp-class--show=\"state.isContentVisible\" data-wp-init=\"callbacks.setButtonStyles\" data-wp-on--click=\"actions.showLightbox\" data-wp-on--load=\"callbacks.setButtonStyles\" data-wp-on-window--resize=\"callbacks.setButtonStyles\" data-id=\"1718\" src=\"https:\/\/ooooiykyk.com\/audiarchives\/wp-content\/uploads\/sites\/2\/2025\/06\/Audi-Q5-e-hybrid-SUV-572-1024x640.jpg\" alt=\"\" class=\"wp-image-1718\" srcset=\"https:\/\/ooooiykyk.com\/audiarchives\/wp-content\/uploads\/sites\/2\/2025\/06\/Audi-Q5-e-hybrid-SUV-572-1024x640.jpg 1024w, https:\/\/ooooiykyk.com\/audiarchives\/wp-content\/uploads\/sites\/2\/2025\/06\/Audi-Q5-e-hybrid-SUV-572-300x188.jpg 300w, https:\/\/ooooiykyk.com\/audiarchives\/wp-content\/uploads\/sites\/2\/2025\/06\/Audi-Q5-e-hybrid-SUV-572-768x480.jpg 768w, https:\/\/ooooiykyk.com\/audiarchives\/wp-content\/uploads\/sites\/2\/2025\/06\/Audi-Q5-e-hybrid-SUV-572-1536x960.jpg 1536w, https:\/\/ooooiykyk.com\/audiarchives\/wp-content\/uploads\/sites\/2\/2025\/06\/Audi-Q5-e-hybrid-SUV-572-770x481.jpg 770w, https:\/\/ooooiykyk.com\/audiarchives\/wp-content\/uploads\/sites\/2\/2025\/06\/Audi-Q5-e-hybrid-SUV-572-1400x875.jpg 1400w, https:\/\/ooooiykyk.com\/audiarchives\/wp-content\/uploads\/sites\/2\/2025\/06\/Audi-Q5-e-hybrid-SUV-572.jpg 2000w\" sizes=\"(max-width: 1024px) 100vw, 1024px\" \/><button\n\t\t\tclass=\"lightbox-trigger\"\n\t\t\ttype=\"button\"\n\t\t\taria-haspopup=\"dialog\"\n\t\t\taria-label=\"Enlarge\"\n\t\t\tdata-wp-init=\"callbacks.initTriggerButton\"\n\t\t\tdata-wp-on--click=\"actions.showLightbox\"\n\t\t\tdata-wp-style--right=\"state.imageButtonRight\"\n\t\t\tdata-wp-style--top=\"state.imageButtonTop\"\n\t\t>\n\t\t\t<svg xmlns=\"http:\/\/www.w3.org\/2000\/svg\" width=\"12\" height=\"12\" fill=\"none\" viewBox=\"0 0 12 12\">\n\t\t\t\t<path fill=\"#fff\" d=\"M2 0a2 2 0 0 0-2 2v2h1.5V2a.5.5 0 0 1 .5-.5h2V0H2Zm2 10.5H2a.5.5 0 0 1-.5-.5V8H0v2a2 2 0 0 0 2 2h2v-1.5ZM8 12v-1.5h2a.5.5 0 0 0 .5-.5V8H12v2a2 2 0 0 1-2 2H8Zm2-12a2 2 0 0 1 2 2v2h-1.5V2a.5.5 0 0 0-.5-.5H8V0h2Z\" \/>\n\t\t\t<\/svg>\n\t\t<\/button><\/figure>\n\n\n\n<figure data-wp-context=\"{&quot;imageId&quot;:&quot;69f3b89fc3c39&quot;}\" data-wp-interactive=\"core\/image\" data-wp-key=\"69f3b89fc3c39\" class=\"wp-block-image size-large wp-lightbox-container\"><img decoding=\"async\" width=\"1024\" height=\"640\" data-wp-class--hide=\"state.isContentHidden\" data-wp-class--show=\"state.isContentVisible\" data-wp-init=\"callbacks.setButtonStyles\" data-wp-on--click=\"actions.showLightbox\" data-wp-on--load=\"callbacks.setButtonStyles\" data-wp-on-window--resize=\"callbacks.setButtonStyles\" data-id=\"1719\" src=\"https:\/\/ooooiykyk.com\/audiarchives\/wp-content\/uploads\/sites\/2\/2025\/06\/Audi-Q5-e-hybrid-SUV-573-1024x640.jpg\" alt=\"\" class=\"wp-image-1719\" srcset=\"https:\/\/ooooiykyk.com\/audiarchives\/wp-content\/uploads\/sites\/2\/2025\/06\/Audi-Q5-e-hybrid-SUV-573-1024x640.jpg 1024w, https:\/\/ooooiykyk.com\/audiarchives\/wp-content\/uploads\/sites\/2\/2025\/06\/Audi-Q5-e-hybrid-SUV-573-300x188.jpg 300w, https:\/\/ooooiykyk.com\/audiarchives\/wp-content\/uploads\/sites\/2\/2025\/06\/Audi-Q5-e-hybrid-SUV-573-768x480.jpg 768w, https:\/\/ooooiykyk.com\/audiarchives\/wp-content\/uploads\/sites\/2\/2025\/06\/Audi-Q5-e-hybrid-SUV-573-1536x960.jpg 1536w, https:\/\/ooooiykyk.com\/audiarchives\/wp-content\/uploads\/sites\/2\/2025\/06\/Audi-Q5-e-hybrid-SUV-573-770x481.jpg 770w, https:\/\/ooooiykyk.com\/audiarchives\/wp-content\/uploads\/sites\/2\/2025\/06\/Audi-Q5-e-hybrid-SUV-573-1400x875.jpg 1400w, https:\/\/ooooiykyk.com\/audiarchives\/wp-content\/uploads\/sites\/2\/2025\/06\/Audi-Q5-e-hybrid-SUV-573.jpg 2000w\" sizes=\"(max-width: 1024px) 100vw, 1024px\" \/><button\n\t\t\tclass=\"lightbox-trigger\"\n\t\t\ttype=\"button\"\n\t\t\taria-haspopup=\"dialog\"\n\t\t\taria-label=\"Enlarge\"\n\t\t\tdata-wp-init=\"callbacks.initTriggerButton\"\n\t\t\tdata-wp-on--click=\"actions.showLightbox\"\n\t\t\tdata-wp-style--right=\"state.imageButtonRight\"\n\t\t\tdata-wp-style--top=\"state.imageButtonTop\"\n\t\t>\n\t\t\t<svg xmlns=\"http:\/\/www.w3.org\/2000\/svg\" width=\"12\" height=\"12\" fill=\"none\" viewBox=\"0 0 12 12\">\n\t\t\t\t<path fill=\"#fff\" d=\"M2 0a2 2 0 0 0-2 2v2h1.5V2a.5.5 0 0 1 .5-.5h2V0H2Zm2 10.5H2a.5.5 0 0 1-.5-.5V8H0v2a2 2 0 0 0 2 2h2v-1.5ZM8 12v-1.5h2a.5.5 0 0 0 .5-.5V8H12v2a2 2 0 0 1-2 2H8Zm2-12a2 2 0 0 1 2 2v2h-1.5V2a.5.5 0 0 0-.5-.5H8V0h2Z\" \/>\n\t\t\t<\/svg>\n\t\t<\/button><\/figure>\n\n\n\n<figure data-wp-context=\"{&quot;imageId&quot;:&quot;69f3b89fc4012&quot;}\" data-wp-interactive=\"core\/image\" data-wp-key=\"69f3b89fc4012\" class=\"wp-block-image size-large wp-lightbox-container\"><img decoding=\"async\" width=\"1024\" height=\"640\" data-wp-class--hide=\"state.isContentHidden\" data-wp-class--show=\"state.isContentVisible\" data-wp-init=\"callbacks.setButtonStyles\" data-wp-on--click=\"actions.showLightbox\" data-wp-on--load=\"callbacks.setButtonStyles\" data-wp-on-window--resize=\"callbacks.setButtonStyles\" data-id=\"1720\" src=\"https:\/\/ooooiykyk.com\/audiarchives\/wp-content\/uploads\/sites\/2\/2025\/06\/Audi-Q5-e-hybrid-SUV-574-1024x640.jpg\" alt=\"\" class=\"wp-image-1720\" srcset=\"https:\/\/ooooiykyk.com\/audiarchives\/wp-content\/uploads\/sites\/2\/2025\/06\/Audi-Q5-e-hybrid-SUV-574-1024x640.jpg 1024w, https:\/\/ooooiykyk.com\/audiarchives\/wp-content\/uploads\/sites\/2\/2025\/06\/Audi-Q5-e-hybrid-SUV-574-300x188.jpg 300w, https:\/\/ooooiykyk.com\/audiarchives\/wp-content\/uploads\/sites\/2\/2025\/06\/Audi-Q5-e-hybrid-SUV-574-768x480.jpg 768w, https:\/\/ooooiykyk.com\/audiarchives\/wp-content\/uploads\/sites\/2\/2025\/06\/Audi-Q5-e-hybrid-SUV-574-1536x960.jpg 1536w, https:\/\/ooooiykyk.com\/audiarchives\/wp-content\/uploads\/sites\/2\/2025\/06\/Audi-Q5-e-hybrid-SUV-574-770x481.jpg 770w, https:\/\/ooooiykyk.com\/audiarchives\/wp-content\/uploads\/sites\/2\/2025\/06\/Audi-Q5-e-hybrid-SUV-574-1400x875.jpg 1400w, https:\/\/ooooiykyk.com\/audiarchives\/wp-content\/uploads\/sites\/2\/2025\/06\/Audi-Q5-e-hybrid-SUV-574.jpg 2000w\" sizes=\"(max-width: 1024px) 100vw, 1024px\" \/><button\n\t\t\tclass=\"lightbox-trigger\"\n\t\t\ttype=\"button\"\n\t\t\taria-haspopup=\"dialog\"\n\t\t\taria-label=\"Enlarge\"\n\t\t\tdata-wp-init=\"callbacks.initTriggerButton\"\n\t\t\tdata-wp-on--click=\"actions.showLightbox\"\n\t\t\tdata-wp-style--right=\"state.imageButtonRight\"\n\t\t\tdata-wp-style--top=\"state.imageButtonTop\"\n\t\t>\n\t\t\t<svg xmlns=\"http:\/\/www.w3.org\/2000\/svg\" width=\"12\" height=\"12\" fill=\"none\" viewBox=\"0 0 12 12\">\n\t\t\t\t<path fill=\"#fff\" d=\"M2 0a2 2 0 0 0-2 2v2h1.5V2a.5.5 0 0 1 .5-.5h2V0H2Zm2 10.5H2a.5.5 0 0 1-.5-.5V8H0v2a2 2 0 0 0 2 2h2v-1.5ZM8 12v-1.5h2a.5.5 0 0 0 .5-.5V8H12v2a2 2 0 0 1-2 2H8Zm2-12a2 2 0 0 1 2 2v2h-1.5V2a.5.5 0 0 0-.5-.5H8V0h2Z\" \/>\n\t\t\t<\/svg>\n\t\t<\/button><\/figure>\n\n\n\n<figure data-wp-context=\"{&quot;imageId&quot;:&quot;69f3b89fc4387&quot;}\" data-wp-interactive=\"core\/image\" data-wp-key=\"69f3b89fc4387\" class=\"wp-block-image size-large wp-lightbox-container\"><img decoding=\"async\" width=\"1024\" height=\"640\" data-wp-class--hide=\"state.isContentHidden\" data-wp-class--show=\"state.isContentVisible\" data-wp-init=\"callbacks.setButtonStyles\" data-wp-on--click=\"actions.showLightbox\" data-wp-on--load=\"callbacks.setButtonStyles\" data-wp-on-window--resize=\"callbacks.setButtonStyles\" data-id=\"1721\" src=\"https:\/\/ooooiykyk.com\/audiarchives\/wp-content\/uploads\/sites\/2\/2025\/06\/Audi-Q5-e-hybrid-SUV-575-1024x640.jpg\" alt=\"\" class=\"wp-image-1721\" srcset=\"https:\/\/ooooiykyk.com\/audiarchives\/wp-content\/uploads\/sites\/2\/2025\/06\/Audi-Q5-e-hybrid-SUV-575-1024x640.jpg 1024w, https:\/\/ooooiykyk.com\/audiarchives\/wp-content\/uploads\/sites\/2\/2025\/06\/Audi-Q5-e-hybrid-SUV-575-300x188.jpg 300w, https:\/\/ooooiykyk.com\/audiarchives\/wp-content\/uploads\/sites\/2\/2025\/06\/Audi-Q5-e-hybrid-SUV-575-768x480.jpg 768w, https:\/\/ooooiykyk.com\/audiarchives\/wp-content\/uploads\/sites\/2\/2025\/06\/Audi-Q5-e-hybrid-SUV-575-1536x960.jpg 1536w, https:\/\/ooooiykyk.com\/audiarchives\/wp-content\/uploads\/sites\/2\/2025\/06\/Audi-Q5-e-hybrid-SUV-575-770x481.jpg 770w, https:\/\/ooooiykyk.com\/audiarchives\/wp-content\/uploads\/sites\/2\/2025\/06\/Audi-Q5-e-hybrid-SUV-575-1400x875.jpg 1400w, https:\/\/ooooiykyk.com\/audiarchives\/wp-content\/uploads\/sites\/2\/2025\/06\/Audi-Q5-e-hybrid-SUV-575.jpg 2000w\" sizes=\"(max-width: 1024px) 100vw, 1024px\" \/><button\n\t\t\tclass=\"lightbox-trigger\"\n\t\t\ttype=\"button\"\n\t\t\taria-haspopup=\"dialog\"\n\t\t\taria-label=\"Enlarge\"\n\t\t\tdata-wp-init=\"callbacks.initTriggerButton\"\n\t\t\tdata-wp-on--click=\"actions.showLightbox\"\n\t\t\tdata-wp-style--right=\"state.imageButtonRight\"\n\t\t\tdata-wp-style--top=\"state.imageButtonTop\"\n\t\t>\n\t\t\t<svg xmlns=\"http:\/\/www.w3.org\/2000\/svg\" width=\"12\" height=\"12\" fill=\"none\" viewBox=\"0 0 12 12\">\n\t\t\t\t<path fill=\"#fff\" d=\"M2 0a2 2 0 0 0-2 2v2h1.5V2a.5.5 0 0 1 .5-.5h2V0H2Zm2 10.5H2a.5.5 0 0 1-.5-.5V8H0v2a2 2 0 0 0 2 2h2v-1.5ZM8 12v-1.5h2a.5.5 0 0 0 .5-.5V8H12v2a2 2 0 0 1-2 2H8Zm2-12a2 2 0 0 1 2 2v2h-1.5V2a.5.5 0 0 0-.5-.5H8V0h2Z\" \/>\n\t\t\t<\/svg>\n\t\t<\/button><\/figure>\n\n\n\n<figure data-wp-context=\"{&quot;imageId&quot;:&quot;69f3b89fc4702&quot;}\" data-wp-interactive=\"core\/image\" data-wp-key=\"69f3b89fc4702\" class=\"wp-block-image size-large wp-lightbox-container\"><img decoding=\"async\" width=\"1024\" height=\"640\" data-wp-class--hide=\"state.isContentHidden\" data-wp-class--show=\"state.isContentVisible\" data-wp-init=\"callbacks.setButtonStyles\" data-wp-on--click=\"actions.showLightbox\" data-wp-on--load=\"callbacks.setButtonStyles\" data-wp-on-window--resize=\"callbacks.setButtonStyles\" data-id=\"1722\" src=\"https:\/\/ooooiykyk.com\/audiarchives\/wp-content\/uploads\/sites\/2\/2025\/06\/Audi-Q5-e-hybrid-SUV-576-1024x640.jpg\" alt=\"\" class=\"wp-image-1722\" srcset=\"https:\/\/ooooiykyk.com\/audiarchives\/wp-content\/uploads\/sites\/2\/2025\/06\/Audi-Q5-e-hybrid-SUV-576-1024x640.jpg 1024w, https:\/\/ooooiykyk.com\/audiarchives\/wp-content\/uploads\/sites\/2\/2025\/06\/Audi-Q5-e-hybrid-SUV-576-300x188.jpg 300w, https:\/\/ooooiykyk.com\/audiarchives\/wp-content\/uploads\/sites\/2\/2025\/06\/Audi-Q5-e-hybrid-SUV-576-768x480.jpg 768w, https:\/\/ooooiykyk.com\/audiarchives\/wp-content\/uploads\/sites\/2\/2025\/06\/Audi-Q5-e-hybrid-SUV-576-1536x960.jpg 1536w, https:\/\/ooooiykyk.com\/audiarchives\/wp-content\/uploads\/sites\/2\/2025\/06\/Audi-Q5-e-hybrid-SUV-576-770x481.jpg 770w, https:\/\/ooooiykyk.com\/audiarchives\/wp-content\/uploads\/sites\/2\/2025\/06\/Audi-Q5-e-hybrid-SUV-576-1400x875.jpg 1400w, https:\/\/ooooiykyk.com\/audiarchives\/wp-content\/uploads\/sites\/2\/2025\/06\/Audi-Q5-e-hybrid-SUV-576.jpg 2000w\" sizes=\"(max-width: 1024px) 100vw, 1024px\" \/><button\n\t\t\tclass=\"lightbox-trigger\"\n\t\t\ttype=\"button\"\n\t\t\taria-haspopup=\"dialog\"\n\t\t\taria-label=\"Enlarge\"\n\t\t\tdata-wp-init=\"callbacks.initTriggerButton\"\n\t\t\tdata-wp-on--click=\"actions.showLightbox\"\n\t\t\tdata-wp-style--right=\"state.imageButtonRight\"\n\t\t\tdata-wp-style--top=\"state.imageButtonTop\"\n\t\t>\n\t\t\t<svg xmlns=\"http:\/\/www.w3.org\/2000\/svg\" width=\"12\" height=\"12\" fill=\"none\" viewBox=\"0 0 12 12\">\n\t\t\t\t<path fill=\"#fff\" d=\"M2 0a2 2 0 0 0-2 2v2h1.5V2a.5.5 0 0 1 .5-.5h2V0H2Zm2 10.5H2a.5.5 0 0 1-.5-.5V8H0v2a2 2 0 0 0 2 2h2v-1.5ZM8 12v-1.5h2a.5.5 0 0 0 .5-.5V8H12v2a2 2 0 0 1-2 2H8Zm2-12a2 2 0 0 1 2 2v2h-1.5V2a.5.5 0 0 0-.5-.5H8V0h2Z\" \/>\n\t\t\t<\/svg>\n\t\t<\/button><\/figure>\n\n\n\n<figure data-wp-context=\"{&quot;imageId&quot;:&quot;69f3b89fc4a6d&quot;}\" data-wp-interactive=\"core\/image\" data-wp-key=\"69f3b89fc4a6d\" class=\"wp-block-image size-large wp-lightbox-container\"><img decoding=\"async\" width=\"1024\" height=\"640\" data-wp-class--hide=\"state.isContentHidden\" data-wp-class--show=\"state.isContentVisible\" data-wp-init=\"callbacks.setButtonStyles\" data-wp-on--click=\"actions.showLightbox\" data-wp-on--load=\"callbacks.setButtonStyles\" data-wp-on-window--resize=\"callbacks.setButtonStyles\" data-id=\"1723\" src=\"https:\/\/ooooiykyk.com\/audiarchives\/wp-content\/uploads\/sites\/2\/2025\/06\/Audi-Q5-e-hybrid-SUV-577-1024x640.jpg\" alt=\"\" class=\"wp-image-1723\" srcset=\"https:\/\/ooooiykyk.com\/audiarchives\/wp-content\/uploads\/sites\/2\/2025\/06\/Audi-Q5-e-hybrid-SUV-577-1024x640.jpg 1024w, https:\/\/ooooiykyk.com\/audiarchives\/wp-content\/uploads\/sites\/2\/2025\/06\/Audi-Q5-e-hybrid-SUV-577-300x188.jpg 300w, https:\/\/ooooiykyk.com\/audiarchives\/wp-content\/uploads\/sites\/2\/2025\/06\/Audi-Q5-e-hybrid-SUV-577-768x480.jpg 768w, https:\/\/ooooiykyk.com\/audiarchives\/wp-content\/uploads\/sites\/2\/2025\/06\/Audi-Q5-e-hybrid-SUV-577-1536x960.jpg 1536w, https:\/\/ooooiykyk.com\/audiarchives\/wp-content\/uploads\/sites\/2\/2025\/06\/Audi-Q5-e-hybrid-SUV-577-770x481.jpg 770w, https:\/\/ooooiykyk.com\/audiarchives\/wp-content\/uploads\/sites\/2\/2025\/06\/Audi-Q5-e-hybrid-SUV-577-1400x875.jpg 1400w, https:\/\/ooooiykyk.com\/audiarchives\/wp-content\/uploads\/sites\/2\/2025\/06\/Audi-Q5-e-hybrid-SUV-577.jpg 2000w\" sizes=\"(max-width: 1024px) 100vw, 1024px\" \/><button\n\t\t\tclass=\"lightbox-trigger\"\n\t\t\ttype=\"button\"\n\t\t\taria-haspopup=\"dialog\"\n\t\t\taria-label=\"Enlarge\"\n\t\t\tdata-wp-init=\"callbacks.initTriggerButton\"\n\t\t\tdata-wp-on--click=\"actions.showLightbox\"\n\t\t\tdata-wp-style--right=\"state.imageButtonRight\"\n\t\t\tdata-wp-style--top=\"state.imageButtonTop\"\n\t\t>\n\t\t\t<svg xmlns=\"http:\/\/www.w3.org\/2000\/svg\" width=\"12\" height=\"12\" fill=\"none\" viewBox=\"0 0 12 12\">\n\t\t\t\t<path fill=\"#fff\" d=\"M2 0a2 2 0 0 0-2 2v2h1.5V2a.5.5 0 0 1 .5-.5h2V0H2Zm2 10.5H2a.5.5 0 0 1-.5-.5V8H0v2a2 2 0 0 0 2 2h2v-1.5ZM8 12v-1.5h2a.5.5 0 0 0 .5-.5V8H12v2a2 2 0 0 1-2 2H8Zm2-12a2 2 0 0 1 2 2v2h-1.5V2a.5.5 0 0 0-.5-.5H8V0h2Z\" \/>\n\t\t\t<\/svg>\n\t\t<\/button><\/figure>\n\n\n\n<figure data-wp-context=\"{&quot;imageId&quot;:&quot;69f3b89fc4de2&quot;}\" data-wp-interactive=\"core\/image\" data-wp-key=\"69f3b89fc4de2\" class=\"wp-block-image size-large wp-lightbox-container\"><img decoding=\"async\" width=\"1024\" height=\"640\" data-wp-class--hide=\"state.isContentHidden\" data-wp-class--show=\"state.isContentVisible\" data-wp-init=\"callbacks.setButtonStyles\" data-wp-on--click=\"actions.showLightbox\" data-wp-on--load=\"callbacks.setButtonStyles\" data-wp-on-window--resize=\"callbacks.setButtonStyles\" data-id=\"1724\" src=\"https:\/\/ooooiykyk.com\/audiarchives\/wp-content\/uploads\/sites\/2\/2025\/06\/Audi-Q5-e-hybrid-SUV-578-1024x640.jpg\" alt=\"\" class=\"wp-image-1724\" srcset=\"https:\/\/ooooiykyk.com\/audiarchives\/wp-content\/uploads\/sites\/2\/2025\/06\/Audi-Q5-e-hybrid-SUV-578-1024x640.jpg 1024w, https:\/\/ooooiykyk.com\/audiarchives\/wp-content\/uploads\/sites\/2\/2025\/06\/Audi-Q5-e-hybrid-SUV-578-300x188.jpg 300w, https:\/\/ooooiykyk.com\/audiarchives\/wp-content\/uploads\/sites\/2\/2025\/06\/Audi-Q5-e-hybrid-SUV-578-768x480.jpg 768w, https:\/\/ooooiykyk.com\/audiarchives\/wp-content\/uploads\/sites\/2\/2025\/06\/Audi-Q5-e-hybrid-SUV-578-1536x960.jpg 1536w, https:\/\/ooooiykyk.com\/audiarchives\/wp-content\/uploads\/sites\/2\/2025\/06\/Audi-Q5-e-hybrid-SUV-578-770x481.jpg 770w, https:\/\/ooooiykyk.com\/audiarchives\/wp-content\/uploads\/sites\/2\/2025\/06\/Audi-Q5-e-hybrid-SUV-578-1400x875.jpg 1400w, https:\/\/ooooiykyk.com\/audiarchives\/wp-content\/uploads\/sites\/2\/2025\/06\/Audi-Q5-e-hybrid-SUV-578.jpg 2000w\" sizes=\"(max-width: 1024px) 100vw, 1024px\" \/><button\n\t\t\tclass=\"lightbox-trigger\"\n\t\t\ttype=\"button\"\n\t\t\taria-haspopup=\"dialog\"\n\t\t\taria-label=\"Enlarge\"\n\t\t\tdata-wp-init=\"callbacks.initTriggerButton\"\n\t\t\tdata-wp-on--click=\"actions.showLightbox\"\n\t\t\tdata-wp-style--right=\"state.imageButtonRight\"\n\t\t\tdata-wp-style--top=\"state.imageButtonTop\"\n\t\t>\n\t\t\t<svg xmlns=\"http:\/\/www.w3.org\/2000\/svg\" width=\"12\" height=\"12\" fill=\"none\" viewBox=\"0 0 12 12\">\n\t\t\t\t<path fill=\"#fff\" d=\"M2 0a2 2 0 0 0-2 2v2h1.5V2a.5.5 0 0 1 .5-.5h2V0H2Zm2 10.5H2a.5.5 0 0 1-.5-.5V8H0v2a2 2 0 0 0 2 2h2v-1.5ZM8 12v-1.5h2a.5.5 0 0 0 .5-.5V8H12v2a2 2 0 0 1-2 2H8Zm2-12a2 2 0 0 1 2 2v2h-1.5V2a.5.5 0 0 0-.5-.5H8V0h2Z\" \/>\n\t\t\t<\/svg>\n\t\t<\/button><\/figure>\n\n\n\n<figure data-wp-context=\"{&quot;imageId&quot;:&quot;69f3b89fc5161&quot;}\" data-wp-interactive=\"core\/image\" data-wp-key=\"69f3b89fc5161\" class=\"wp-block-image size-large wp-lightbox-container\"><img decoding=\"async\" width=\"1024\" height=\"640\" data-wp-class--hide=\"state.isContentHidden\" data-wp-class--show=\"state.isContentVisible\" data-wp-init=\"callbacks.setButtonStyles\" data-wp-on--click=\"actions.showLightbox\" data-wp-on--load=\"callbacks.setButtonStyles\" data-wp-on-window--resize=\"callbacks.setButtonStyles\" data-id=\"1725\" src=\"https:\/\/ooooiykyk.com\/audiarchives\/wp-content\/uploads\/sites\/2\/2025\/06\/Audi-Q5-e-hybrid-SUV-579-1024x640.jpg\" alt=\"\" class=\"wp-image-1725\" srcset=\"https:\/\/ooooiykyk.com\/audiarchives\/wp-content\/uploads\/sites\/2\/2025\/06\/Audi-Q5-e-hybrid-SUV-579-1024x640.jpg 1024w, https:\/\/ooooiykyk.com\/audiarchives\/wp-content\/uploads\/sites\/2\/2025\/06\/Audi-Q5-e-hybrid-SUV-579-300x188.jpg 300w, https:\/\/ooooiykyk.com\/audiarchives\/wp-content\/uploads\/sites\/2\/2025\/06\/Audi-Q5-e-hybrid-SUV-579-768x480.jpg 768w, https:\/\/ooooiykyk.com\/audiarchives\/wp-content\/uploads\/sites\/2\/2025\/06\/Audi-Q5-e-hybrid-SUV-579-1536x960.jpg 1536w, https:\/\/ooooiykyk.com\/audiarchives\/wp-content\/uploads\/sites\/2\/2025\/06\/Audi-Q5-e-hybrid-SUV-579-770x481.jpg 770w, https:\/\/ooooiykyk.com\/audiarchives\/wp-content\/uploads\/sites\/2\/2025\/06\/Audi-Q5-e-hybrid-SUV-579-1400x875.jpg 1400w, https:\/\/ooooiykyk.com\/audiarchives\/wp-content\/uploads\/sites\/2\/2025\/06\/Audi-Q5-e-hybrid-SUV-579.jpg 2000w\" sizes=\"(max-width: 1024px) 100vw, 1024px\" \/><button\n\t\t\tclass=\"lightbox-trigger\"\n\t\t\ttype=\"button\"\n\t\t\taria-haspopup=\"dialog\"\n\t\t\taria-label=\"Enlarge\"\n\t\t\tdata-wp-init=\"callbacks.initTriggerButton\"\n\t\t\tdata-wp-on--click=\"actions.showLightbox\"\n\t\t\tdata-wp-style--right=\"state.imageButtonRight\"\n\t\t\tdata-wp-style--top=\"state.imageButtonTop\"\n\t\t>\n\t\t\t<svg xmlns=\"http:\/\/www.w3.org\/2000\/svg\" width=\"12\" height=\"12\" fill=\"none\" viewBox=\"0 0 12 12\">\n\t\t\t\t<path fill=\"#fff\" d=\"M2 0a2 2 0 0 0-2 2v2h1.5V2a.5.5 0 0 1 .5-.5h2V0H2Zm2 10.5H2a.5.5 0 0 1-.5-.5V8H0v2a2 2 0 0 0 2 2h2v-1.5ZM8 12v-1.5h2a.5.5 0 0 0 .5-.5V8H12v2a2 2 0 0 1-2 2H8Zm2-12a2 2 0 0 1 2 2v2h-1.5V2a.5.5 0 0 0-.5-.5H8V0h2Z\" \/>\n\t\t\t<\/svg>\n\t\t<\/button><\/figure>\n\n\n\n<figure data-wp-context=\"{&quot;imageId&quot;:&quot;69f3b89fc54d8&quot;}\" data-wp-interactive=\"core\/image\" data-wp-key=\"69f3b89fc54d8\" class=\"wp-block-image size-large wp-lightbox-container\"><img decoding=\"async\" width=\"1024\" height=\"640\" data-wp-class--hide=\"state.isContentHidden\" data-wp-class--show=\"state.isContentVisible\" data-wp-init=\"callbacks.setButtonStyles\" data-wp-on--click=\"actions.showLightbox\" data-wp-on--load=\"callbacks.setButtonStyles\" data-wp-on-window--resize=\"callbacks.setButtonStyles\" data-id=\"1726\" src=\"https:\/\/ooooiykyk.com\/audiarchives\/wp-content\/uploads\/sites\/2\/2025\/06\/Audi-Q5-e-hybrid-SUV-580-1024x640.jpg\" alt=\"\" class=\"wp-image-1726\" srcset=\"https:\/\/ooooiykyk.com\/audiarchives\/wp-content\/uploads\/sites\/2\/2025\/06\/Audi-Q5-e-hybrid-SUV-580-1024x640.jpg 1024w, https:\/\/ooooiykyk.com\/audiarchives\/wp-content\/uploads\/sites\/2\/2025\/06\/Audi-Q5-e-hybrid-SUV-580-300x188.jpg 300w, https:\/\/ooooiykyk.com\/audiarchives\/wp-content\/uploads\/sites\/2\/2025\/06\/Audi-Q5-e-hybrid-SUV-580-768x480.jpg 768w, https:\/\/ooooiykyk.com\/audiarchives\/wp-content\/uploads\/sites\/2\/2025\/06\/Audi-Q5-e-hybrid-SUV-580-1536x960.jpg 1536w, https:\/\/ooooiykyk.com\/audiarchives\/wp-content\/uploads\/sites\/2\/2025\/06\/Audi-Q5-e-hybrid-SUV-580-770x481.jpg 770w, https:\/\/ooooiykyk.com\/audiarchives\/wp-content\/uploads\/sites\/2\/2025\/06\/Audi-Q5-e-hybrid-SUV-580-1400x875.jpg 1400w, https:\/\/ooooiykyk.com\/audiarchives\/wp-content\/uploads\/sites\/2\/2025\/06\/Audi-Q5-e-hybrid-SUV-580.jpg 2000w\" sizes=\"(max-width: 1024px) 100vw, 1024px\" \/><button\n\t\t\tclass=\"lightbox-trigger\"\n\t\t\ttype=\"button\"\n\t\t\taria-haspopup=\"dialog\"\n\t\t\taria-label=\"Enlarge\"\n\t\t\tdata-wp-init=\"callbacks.initTriggerButton\"\n\t\t\tdata-wp-on--click=\"actions.showLightbox\"\n\t\t\tdata-wp-style--right=\"state.imageButtonRight\"\n\t\t\tdata-wp-style--top=\"state.imageButtonTop\"\n\t\t>\n\t\t\t<svg xmlns=\"http:\/\/www.w3.org\/2000\/svg\" width=\"12\" height=\"12\" fill=\"none\" viewBox=\"0 0 12 12\">\n\t\t\t\t<path fill=\"#fff\" d=\"M2 0a2 2 0 0 0-2 2v2h1.5V2a.5.5 0 0 1 .5-.5h2V0H2Zm2 10.5H2a.5.5 0 0 1-.5-.5V8H0v2a2 2 0 0 0 2 2h2v-1.5ZM8 12v-1.5h2a.5.5 0 0 0 .5-.5V8H12v2a2 2 0 0 1-2 2H8Zm2-12a2 2 0 0 1 2 2v2h-1.5V2a.5.5 0 0 0-.5-.5H8V0h2Z\" \/>\n\t\t\t<\/svg>\n\t\t<\/button><\/figure>\n\n\n\n<figure data-wp-context=\"{&quot;imageId&quot;:&quot;69f3b89fc584b&quot;}\" data-wp-interactive=\"core\/image\" data-wp-key=\"69f3b89fc584b\" class=\"wp-block-image size-large wp-lightbox-container\"><img decoding=\"async\" width=\"1024\" height=\"640\" data-wp-class--hide=\"state.isContentHidden\" data-wp-class--show=\"state.isContentVisible\" data-wp-init=\"callbacks.setButtonStyles\" data-wp-on--click=\"actions.showLightbox\" data-wp-on--load=\"callbacks.setButtonStyles\" data-wp-on-window--resize=\"callbacks.setButtonStyles\" data-id=\"1727\" src=\"https:\/\/ooooiykyk.com\/audiarchives\/wp-content\/uploads\/sites\/2\/2025\/06\/Audi-Q5-e-hybrid-SUV-581-1024x640.jpg\" alt=\"\" class=\"wp-image-1727\" srcset=\"https:\/\/ooooiykyk.com\/audiarchives\/wp-content\/uploads\/sites\/2\/2025\/06\/Audi-Q5-e-hybrid-SUV-581-1024x640.jpg 1024w, https:\/\/ooooiykyk.com\/audiarchives\/wp-content\/uploads\/sites\/2\/2025\/06\/Audi-Q5-e-hybrid-SUV-581-300x188.jpg 300w, https:\/\/ooooiykyk.com\/audiarchives\/wp-content\/uploads\/sites\/2\/2025\/06\/Audi-Q5-e-hybrid-SUV-581-768x480.jpg 768w, https:\/\/ooooiykyk.com\/audiarchives\/wp-content\/uploads\/sites\/2\/2025\/06\/Audi-Q5-e-hybrid-SUV-581-1536x960.jpg 1536w, https:\/\/ooooiykyk.com\/audiarchives\/wp-content\/uploads\/sites\/2\/2025\/06\/Audi-Q5-e-hybrid-SUV-581-770x481.jpg 770w, https:\/\/ooooiykyk.com\/audiarchives\/wp-content\/uploads\/sites\/2\/2025\/06\/Audi-Q5-e-hybrid-SUV-581-1400x875.jpg 1400w, https:\/\/ooooiykyk.com\/audiarchives\/wp-content\/uploads\/sites\/2\/2025\/06\/Audi-Q5-e-hybrid-SUV-581.jpg 2000w\" sizes=\"(max-width: 1024px) 100vw, 1024px\" \/><button\n\t\t\tclass=\"lightbox-trigger\"\n\t\t\ttype=\"button\"\n\t\t\taria-haspopup=\"dialog\"\n\t\t\taria-label=\"Enlarge\"\n\t\t\tdata-wp-init=\"callbacks.initTriggerButton\"\n\t\t\tdata-wp-on--click=\"actions.showLightbox\"\n\t\t\tdata-wp-style--right=\"state.imageButtonRight\"\n\t\t\tdata-wp-style--top=\"state.imageButtonTop\"\n\t\t>\n\t\t\t<svg xmlns=\"http:\/\/www.w3.org\/2000\/svg\" width=\"12\" height=\"12\" fill=\"none\" viewBox=\"0 0 12 12\">\n\t\t\t\t<path fill=\"#fff\" d=\"M2 0a2 2 0 0 0-2 2v2h1.5V2a.5.5 0 0 1 .5-.5h2V0H2Zm2 10.5H2a.5.5 0 0 1-.5-.5V8H0v2a2 2 0 0 0 2 2h2v-1.5ZM8 12v-1.5h2a.5.5 0 0 0 .5-.5V8H12v2a2 2 0 0 1-2 2H8Zm2-12a2 2 0 0 1 2 2v2h-1.5V2a.5.5 0 0 0-.5-.5H8V0h2Z\" \/>\n\t\t\t<\/svg>\n\t\t<\/button><\/figure>\n\n\n\n<figure data-wp-context=\"{&quot;imageId&quot;:&quot;69f3b89fc5bda&quot;}\" data-wp-interactive=\"core\/image\" data-wp-key=\"69f3b89fc5bda\" class=\"wp-block-image size-large wp-lightbox-container\"><img decoding=\"async\" width=\"1024\" height=\"640\" data-wp-class--hide=\"state.isContentHidden\" data-wp-class--show=\"state.isContentVisible\" data-wp-init=\"callbacks.setButtonStyles\" data-wp-on--click=\"actions.showLightbox\" data-wp-on--load=\"callbacks.setButtonStyles\" data-wp-on-window--resize=\"callbacks.setButtonStyles\" data-id=\"1728\" src=\"https:\/\/ooooiykyk.com\/audiarchives\/wp-content\/uploads\/sites\/2\/2025\/06\/Audi-Q5-e-hybrid-SUV-582-1024x640.jpg\" alt=\"\" class=\"wp-image-1728\" srcset=\"https:\/\/ooooiykyk.com\/audiarchives\/wp-content\/uploads\/sites\/2\/2025\/06\/Audi-Q5-e-hybrid-SUV-582-1024x640.jpg 1024w, https:\/\/ooooiykyk.com\/audiarchives\/wp-content\/uploads\/sites\/2\/2025\/06\/Audi-Q5-e-hybrid-SUV-582-300x188.jpg 300w, https:\/\/ooooiykyk.com\/audiarchives\/wp-content\/uploads\/sites\/2\/2025\/06\/Audi-Q5-e-hybrid-SUV-582-768x480.jpg 768w, https:\/\/ooooiykyk.com\/audiarchives\/wp-content\/uploads\/sites\/2\/2025\/06\/Audi-Q5-e-hybrid-SUV-582-1536x960.jpg 1536w, https:\/\/ooooiykyk.com\/audiarchives\/wp-content\/uploads\/sites\/2\/2025\/06\/Audi-Q5-e-hybrid-SUV-582-770x481.jpg 770w, https:\/\/ooooiykyk.com\/audiarchives\/wp-content\/uploads\/sites\/2\/2025\/06\/Audi-Q5-e-hybrid-SUV-582-1400x875.jpg 1400w, https:\/\/ooooiykyk.com\/audiarchives\/wp-content\/uploads\/sites\/2\/2025\/06\/Audi-Q5-e-hybrid-SUV-582.jpg 2000w\" sizes=\"(max-width: 1024px) 100vw, 1024px\" \/><button\n\t\t\tclass=\"lightbox-trigger\"\n\t\t\ttype=\"button\"\n\t\t\taria-haspopup=\"dialog\"\n\t\t\taria-label=\"Enlarge\"\n\t\t\tdata-wp-init=\"callbacks.initTriggerButton\"\n\t\t\tdata-wp-on--click=\"actions.showLightbox\"\n\t\t\tdata-wp-style--right=\"state.imageButtonRight\"\n\t\t\tdata-wp-style--top=\"state.imageButtonTop\"\n\t\t>\n\t\t\t<svg xmlns=\"http:\/\/www.w3.org\/2000\/svg\" width=\"12\" height=\"12\" fill=\"none\" viewBox=\"0 0 12 12\">\n\t\t\t\t<path fill=\"#fff\" d=\"M2 0a2 2 0 0 0-2 2v2h1.5V2a.5.5 0 0 1 .5-.5h2V0H2Zm2 10.5H2a.5.5 0 0 1-.5-.5V8H0v2a2 2 0 0 0 2 2h2v-1.5ZM8 12v-1.5h2a.5.5 0 0 0 .5-.5V8H12v2a2 2 0 0 1-2 2H8Zm2-12a2 2 0 0 1 2 2v2h-1.5V2a.5.5 0 0 0-.5-.5H8V0h2Z\" \/>\n\t\t\t<\/svg>\n\t\t<\/button><\/figure>\n\n\n\n<figure data-wp-context=\"{&quot;imageId&quot;:&quot;69f3b89fc5f98&quot;}\" data-wp-interactive=\"core\/image\" data-wp-key=\"69f3b89fc5f98\" class=\"wp-block-image size-large wp-lightbox-container\"><img decoding=\"async\" width=\"1024\" height=\"640\" data-wp-class--hide=\"state.isContentHidden\" data-wp-class--show=\"state.isContentVisible\" data-wp-init=\"callbacks.setButtonStyles\" data-wp-on--click=\"actions.showLightbox\" data-wp-on--load=\"callbacks.setButtonStyles\" data-wp-on-window--resize=\"callbacks.setButtonStyles\" data-id=\"1729\" src=\"https:\/\/ooooiykyk.com\/audiarchives\/wp-content\/uploads\/sites\/2\/2025\/06\/Audi-Q5-e-hybrid-SUV-583-1024x640.jpg\" alt=\"\" class=\"wp-image-1729\" srcset=\"https:\/\/ooooiykyk.com\/audiarchives\/wp-content\/uploads\/sites\/2\/2025\/06\/Audi-Q5-e-hybrid-SUV-583-1024x640.jpg 1024w, https:\/\/ooooiykyk.com\/audiarchives\/wp-content\/uploads\/sites\/2\/2025\/06\/Audi-Q5-e-hybrid-SUV-583-300x188.jpg 300w, https:\/\/ooooiykyk.com\/audiarchives\/wp-content\/uploads\/sites\/2\/2025\/06\/Audi-Q5-e-hybrid-SUV-583-768x480.jpg 768w, https:\/\/ooooiykyk.com\/audiarchives\/wp-content\/uploads\/sites\/2\/2025\/06\/Audi-Q5-e-hybrid-SUV-583-1536x960.jpg 1536w, https:\/\/ooooiykyk.com\/audiarchives\/wp-content\/uploads\/sites\/2\/2025\/06\/Audi-Q5-e-hybrid-SUV-583-770x481.jpg 770w, https:\/\/ooooiykyk.com\/audiarchives\/wp-content\/uploads\/sites\/2\/2025\/06\/Audi-Q5-e-hybrid-SUV-583-1400x875.jpg 1400w, https:\/\/ooooiykyk.com\/audiarchives\/wp-content\/uploads\/sites\/2\/2025\/06\/Audi-Q5-e-hybrid-SUV-583.jpg 2000w\" sizes=\"(max-width: 1024px) 100vw, 1024px\" \/><button\n\t\t\tclass=\"lightbox-trigger\"\n\t\t\ttype=\"button\"\n\t\t\taria-haspopup=\"dialog\"\n\t\t\taria-label=\"Enlarge\"\n\t\t\tdata-wp-init=\"callbacks.initTriggerButton\"\n\t\t\tdata-wp-on--click=\"actions.showLightbox\"\n\t\t\tdata-wp-style--right=\"state.imageButtonRight\"\n\t\t\tdata-wp-style--top=\"state.imageButtonTop\"\n\t\t>\n\t\t\t<svg xmlns=\"http:\/\/www.w3.org\/2000\/svg\" width=\"12\" height=\"12\" fill=\"none\" viewBox=\"0 0 12 12\">\n\t\t\t\t<path fill=\"#fff\" d=\"M2 0a2 2 0 0 0-2 2v2h1.5V2a.5.5 0 0 1 .5-.5h2V0H2Zm2 10.5H2a.5.5 0 0 1-.5-.5V8H0v2a2 2 0 0 0 2 2h2v-1.5ZM8 12v-1.5h2a.5.5 0 0 0 .5-.5V8H12v2a2 2 0 0 1-2 2H8Zm2-12a2 2 0 0 1 2 2v2h-1.5V2a.5.5 0 0 0-.5-.5H8V0h2Z\" \/>\n\t\t\t<\/svg>\n\t\t<\/button><\/figure>\n\n\n\n<figure data-wp-context=\"{&quot;imageId&quot;:&quot;69f3b89fc639e&quot;}\" data-wp-interactive=\"core\/image\" data-wp-key=\"69f3b89fc639e\" class=\"wp-block-image size-large wp-lightbox-container\"><img decoding=\"async\" width=\"1024\" height=\"640\" data-wp-class--hide=\"state.isContentHidden\" data-wp-class--show=\"state.isContentVisible\" data-wp-init=\"callbacks.setButtonStyles\" data-wp-on--click=\"actions.showLightbox\" data-wp-on--load=\"callbacks.setButtonStyles\" data-wp-on-window--resize=\"callbacks.setButtonStyles\" data-id=\"1730\" src=\"https:\/\/ooooiykyk.com\/audiarchives\/wp-content\/uploads\/sites\/2\/2025\/06\/Audi-Q5-e-hybrid-SUV-584-1024x640.jpg\" alt=\"\" class=\"wp-image-1730\" srcset=\"https:\/\/ooooiykyk.com\/audiarchives\/wp-content\/uploads\/sites\/2\/2025\/06\/Audi-Q5-e-hybrid-SUV-584-1024x640.jpg 1024w, https:\/\/ooooiykyk.com\/audiarchives\/wp-content\/uploads\/sites\/2\/2025\/06\/Audi-Q5-e-hybrid-SUV-584-300x188.jpg 300w, https:\/\/ooooiykyk.com\/audiarchives\/wp-content\/uploads\/sites\/2\/2025\/06\/Audi-Q5-e-hybrid-SUV-584-768x480.jpg 768w, https:\/\/ooooiykyk.com\/audiarchives\/wp-content\/uploads\/sites\/2\/2025\/06\/Audi-Q5-e-hybrid-SUV-584-1536x960.jpg 1536w, https:\/\/ooooiykyk.com\/audiarchives\/wp-content\/uploads\/sites\/2\/2025\/06\/Audi-Q5-e-hybrid-SUV-584-770x481.jpg 770w, https:\/\/ooooiykyk.com\/audiarchives\/wp-content\/uploads\/sites\/2\/2025\/06\/Audi-Q5-e-hybrid-SUV-584-1400x875.jpg 1400w, https:\/\/ooooiykyk.com\/audiarchives\/wp-content\/uploads\/sites\/2\/2025\/06\/Audi-Q5-e-hybrid-SUV-584.jpg 2000w\" sizes=\"(max-width: 1024px) 100vw, 1024px\" \/><button\n\t\t\tclass=\"lightbox-trigger\"\n\t\t\ttype=\"button\"\n\t\t\taria-haspopup=\"dialog\"\n\t\t\taria-label=\"Enlarge\"\n\t\t\tdata-wp-init=\"callbacks.initTriggerButton\"\n\t\t\tdata-wp-on--click=\"actions.showLightbox\"\n\t\t\tdata-wp-style--right=\"state.imageButtonRight\"\n\t\t\tdata-wp-style--top=\"state.imageButtonTop\"\n\t\t>\n\t\t\t<svg xmlns=\"http:\/\/www.w3.org\/2000\/svg\" width=\"12\" height=\"12\" fill=\"none\" viewBox=\"0 0 12 12\">\n\t\t\t\t<path fill=\"#fff\" d=\"M2 0a2 2 0 0 0-2 2v2h1.5V2a.5.5 0 0 1 .5-.5h2V0H2Zm2 10.5H2a.5.5 0 0 1-.5-.5V8H0v2a2 2 0 0 0 2 2h2v-1.5ZM8 12v-1.5h2a.5.5 0 0 0 .5-.5V8H12v2a2 2 0 0 1-2 2H8Zm2-12a2 2 0 0 1 2 2v2h-1.5V2a.5.5 0 0 0-.5-.5H8V0h2Z\" \/>\n\t\t\t<\/svg>\n\t\t<\/button><\/figure>\n\n\n\n<figure data-wp-context=\"{&quot;imageId&quot;:&quot;69f3b89fc6752&quot;}\" data-wp-interactive=\"core\/image\" data-wp-key=\"69f3b89fc6752\" class=\"wp-block-image size-large wp-lightbox-container\"><img decoding=\"async\" width=\"1024\" height=\"640\" data-wp-class--hide=\"state.isContentHidden\" data-wp-class--show=\"state.isContentVisible\" data-wp-init=\"callbacks.setButtonStyles\" data-wp-on--click=\"actions.showLightbox\" data-wp-on--load=\"callbacks.setButtonStyles\" data-wp-on-window--resize=\"callbacks.setButtonStyles\" data-id=\"1731\" src=\"https:\/\/ooooiykyk.com\/audiarchives\/wp-content\/uploads\/sites\/2\/2025\/06\/Audi-Q5-e-hybrid-SUV-585-1024x640.jpg\" alt=\"\" class=\"wp-image-1731\" srcset=\"https:\/\/ooooiykyk.com\/audiarchives\/wp-content\/uploads\/sites\/2\/2025\/06\/Audi-Q5-e-hybrid-SUV-585-1024x640.jpg 1024w, https:\/\/ooooiykyk.com\/audiarchives\/wp-content\/uploads\/sites\/2\/2025\/06\/Audi-Q5-e-hybrid-SUV-585-300x188.jpg 300w, https:\/\/ooooiykyk.com\/audiarchives\/wp-content\/uploads\/sites\/2\/2025\/06\/Audi-Q5-e-hybrid-SUV-585-768x480.jpg 768w, https:\/\/ooooiykyk.com\/audiarchives\/wp-content\/uploads\/sites\/2\/2025\/06\/Audi-Q5-e-hybrid-SUV-585-1536x960.jpg 1536w, https:\/\/ooooiykyk.com\/audiarchives\/wp-content\/uploads\/sites\/2\/2025\/06\/Audi-Q5-e-hybrid-SUV-585-770x481.jpg 770w, https:\/\/ooooiykyk.com\/audiarchives\/wp-content\/uploads\/sites\/2\/2025\/06\/Audi-Q5-e-hybrid-SUV-585-1400x875.jpg 1400w, https:\/\/ooooiykyk.com\/audiarchives\/wp-content\/uploads\/sites\/2\/2025\/06\/Audi-Q5-e-hybrid-SUV-585.jpg 2000w\" sizes=\"(max-width: 1024px) 100vw, 1024px\" \/><button\n\t\t\tclass=\"lightbox-trigger\"\n\t\t\ttype=\"button\"\n\t\t\taria-haspopup=\"dialog\"\n\t\t\taria-label=\"Enlarge\"\n\t\t\tdata-wp-init=\"callbacks.initTriggerButton\"\n\t\t\tdata-wp-on--click=\"actions.showLightbox\"\n\t\t\tdata-wp-style--right=\"state.imageButtonRight\"\n\t\t\tdata-wp-style--top=\"state.imageButtonTop\"\n\t\t>\n\t\t\t<svg xmlns=\"http:\/\/www.w3.org\/2000\/svg\" width=\"12\" height=\"12\" fill=\"none\" viewBox=\"0 0 12 12\">\n\t\t\t\t<path fill=\"#fff\" d=\"M2 0a2 2 0 0 0-2 2v2h1.5V2a.5.5 0 0 1 .5-.5h2V0H2Zm2 10.5H2a.5.5 0 0 1-.5-.5V8H0v2a2 2 0 0 0 2 2h2v-1.5ZM8 12v-1.5h2a.5.5 0 0 0 .5-.5V8H12v2a2 2 0 0 1-2 2H8Zm2-12a2 2 0 0 1 2 2v2h-1.5V2a.5.5 0 0 0-.5-.5H8V0h2Z\" \/>\n\t\t\t<\/svg>\n\t\t<\/button><\/figure>\n\n\n\n<figure data-wp-context=\"{&quot;imageId&quot;:&quot;69f3b89fc6ac9&quot;}\" data-wp-interactive=\"core\/image\" data-wp-key=\"69f3b89fc6ac9\" class=\"wp-block-image size-large wp-lightbox-container\"><img decoding=\"async\" width=\"1024\" height=\"640\" data-wp-class--hide=\"state.isContentHidden\" data-wp-class--show=\"state.isContentVisible\" data-wp-init=\"callbacks.setButtonStyles\" data-wp-on--click=\"actions.showLightbox\" data-wp-on--load=\"callbacks.setButtonStyles\" data-wp-on-window--resize=\"callbacks.setButtonStyles\" data-id=\"1732\" src=\"https:\/\/ooooiykyk.com\/audiarchives\/wp-content\/uploads\/sites\/2\/2025\/06\/Audi-Q5-e-hybrid-SUV-586-1024x640.jpg\" alt=\"\" class=\"wp-image-1732\" srcset=\"https:\/\/ooooiykyk.com\/audiarchives\/wp-content\/uploads\/sites\/2\/2025\/06\/Audi-Q5-e-hybrid-SUV-586-1024x640.jpg 1024w, https:\/\/ooooiykyk.com\/audiarchives\/wp-content\/uploads\/sites\/2\/2025\/06\/Audi-Q5-e-hybrid-SUV-586-300x188.jpg 300w, https:\/\/ooooiykyk.com\/audiarchives\/wp-content\/uploads\/sites\/2\/2025\/06\/Audi-Q5-e-hybrid-SUV-586-768x480.jpg 768w, https:\/\/ooooiykyk.com\/audiarchives\/wp-content\/uploads\/sites\/2\/2025\/06\/Audi-Q5-e-hybrid-SUV-586-1536x960.jpg 1536w, https:\/\/ooooiykyk.com\/audiarchives\/wp-content\/uploads\/sites\/2\/2025\/06\/Audi-Q5-e-hybrid-SUV-586-770x481.jpg 770w, https:\/\/ooooiykyk.com\/audiarchives\/wp-content\/uploads\/sites\/2\/2025\/06\/Audi-Q5-e-hybrid-SUV-586-1400x875.jpg 1400w, https:\/\/ooooiykyk.com\/audiarchives\/wp-content\/uploads\/sites\/2\/2025\/06\/Audi-Q5-e-hybrid-SUV-586.jpg 2000w\" sizes=\"(max-width: 1024px) 100vw, 1024px\" \/><button\n\t\t\tclass=\"lightbox-trigger\"\n\t\t\ttype=\"button\"\n\t\t\taria-haspopup=\"dialog\"\n\t\t\taria-label=\"Enlarge\"\n\t\t\tdata-wp-init=\"callbacks.initTriggerButton\"\n\t\t\tdata-wp-on--click=\"actions.showLightbox\"\n\t\t\tdata-wp-style--right=\"state.imageButtonRight\"\n\t\t\tdata-wp-style--top=\"state.imageButtonTop\"\n\t\t>\n\t\t\t<svg xmlns=\"http:\/\/www.w3.org\/2000\/svg\" width=\"12\" height=\"12\" fill=\"none\" viewBox=\"0 0 12 12\">\n\t\t\t\t<path fill=\"#fff\" d=\"M2 0a2 2 0 0 0-2 2v2h1.5V2a.5.5 0 0 1 .5-.5h2V0H2Zm2 10.5H2a.5.5 0 0 1-.5-.5V8H0v2a2 2 0 0 0 2 2h2v-1.5ZM8 12v-1.5h2a.5.5 0 0 0 .5-.5V8H12v2a2 2 0 0 1-2 2H8Zm2-12a2 2 0 0 1 2 2v2h-1.5V2a.5.5 0 0 0-.5-.5H8V0h2Z\" \/>\n\t\t\t<\/svg>\n\t\t<\/button><\/figure>\n<\/figure>\n\n\n\n<p>&#8216;<\/p>\n\n\n\n<hr class=\"wp-block-separator has-alpha-channel-opacity\"\/>\n\n\n\n<p>PRESS<strong>&nbsp;RELEASE<\/strong><\/p>\n\n\n\n<p><strong>The Audi Q5 e-hybrid: all-rounder with great electric range<br><\/strong><br>[source: Audi AG]<\/p>\n\n\n\n<ul class=\"wp-block-list\">\n<li><strong>SUV and Sportback as plug-in hybrids with 220 kW or 270 kW system power can travel up to 100 kilometers emission-free<\/strong><\/li>\n\n\n\n<li><strong>High-voltage battery with larger capacity, increased recouperation, and intelligent hybrid management ensure efficiency and performance<\/strong><\/li>\n\n\n\n<li><strong>Upgraded standard equipment with 3-zone automatic comfort air conditioning; 270 kW version with LED headlights plus and MMI experience plus<\/strong><\/li>\n<\/ul>\n\n\n\n<p>Audi is expanding the new Q5 family: in addition to the combustion models with MHEV plus technology, the SUV and Sportback will also be launched as plug-in hybrid models (PHEV). Both the Q5 SUV e-hybrid&nbsp;quattro<sup>1<\/sup><sup>2<\/sup>&nbsp;and Q5 Sportback e-hybrid&nbsp;quattro<sup>3<\/sup><sup>4<\/sup>&nbsp;can be ordered in two power levels: with 220 kW or 270 kW system output. The new generation of high-voltage batteries in the Audi Q5 e-hybrid models has around 45 percent more capacity. As a result, 25.9 kWh (net 20.7 kWh) of power is available for electric driving.<\/p>\n\n\n\n<p>With the&nbsp;new Q5 family, Audi has embarked on the next chapter in the success story of the premium SUV in the mid-size class. The&nbsp;AudiQ5 SUV e-hybrid&nbsp;quattro<sup>12<\/sup>&nbsp;and&nbsp;Audi Q5 Sportback e-hybrid&nbsp;quattro<sup>34<\/sup>&nbsp;plug-in hybrid models also bring all the advantages of an SUV and Sportback to the road: space, versatility, suitability for everyday use,&nbsp;quattro&nbsp;drive, plus an even more progressive and dynamic silhouette. A heightened design language, state-of-the-art combustion-engine technology, and the new operating concept are additional outstanding features of the new generation. With a system output of up to 270 kW and an electric range of up to 100 kilometers, the plug-in hybrid models combine a sportily comfortable driving experience with a balanced blend of performance and efficiency.<\/p>\n\n\n\n<p>The new&nbsp;Audi Q5 SUV e-hybrid&nbsp;quattro<sup>12<\/sup>&nbsp;and the&nbsp;Audi Q5 Sportback e-hybrid&nbsp;quattro<sup>34<\/sup>&nbsp;are both available in the&nbsp;two power levels&nbsp;220 kW and 270 kW. The vehicles are driven by a 2.0 TFSI engine with an output of 185 kW and an electric motor. In the 270 kW version<sup>24<\/sup>&nbsp;the SUV and Sportback can accelerate from 0 to 100 km\/h in 5.1 seconds. The 220 kW version<sup>13<\/sup>&nbsp;can do the 0 to 100 km\/h sprint in 6.2 seconds. All variants can reach a top speed of 250 km\/h (155.3 mph). The&nbsp;electrified dual-clutch transmission&nbsp;in conjunction with the&nbsp;quattro&nbsp;ultra drive ensures a sporty yet comfortable driving experience.&nbsp;<\/p>\n\n\n\n<p>One new development is the&nbsp;high-voltage battery, whose cells in the Q5 e-hybrid are arranged on two levels, one on top of the other. Audi has boosted the battery\u2019s capacity to 25.9 kWh (net 20.7 kWh), roughly 45 percent higher than its predecessor. Maximum AC charging power is 11 kW. If the battery is completely empty, it takes 2.5 hours to charge it to 100 percent.&nbsp;<\/p>\n\n\n\n<p>Two operating modes&nbsp;are available:&nbsp;\u201cEV\u201d and&nbsp;\u201chybrid.\u201d In EV mode, the SUV and Sportback run exclusively on electric power. When driving in hybrid mode, the&nbsp;hybrid management system&nbsp;maintains a specific charge level as needed in order to save enough electrical energy for later use. In addition to the automatic hybrid mode, the desired charge level can now be individually selected for the first time using a digital slider.<\/p>\n\n\n\n<p>Audi has also significantly increased the&nbsp;regenerative braking performance.&nbsp;The degree of thrust recuperation in EV mode can be adjusted to three different levels using paddles on the steering wheel. The vehicle recovers energy automatically when this function is activated. This is based on route data stored in the navigation system. The&nbsp;Audi&nbsp;Q5 SUV e-hybrid&nbsp;quattro<sup>12<\/sup>&nbsp;and&nbsp;Audi Q5 Sportback e-hybrid&nbsp;quattro<sup>34<\/sup>&nbsp;can also recover energy automatically without active route guidance. The hybrid management system of the new models is designed for efficiency, flexibility, and maximum customer comfort and automatically selects the optimal operating strategy.&nbsp;<\/p>\n\n\n\n<p>Both e-hybrid models stand out above all with their&nbsp;upgraded standard equipment. With the 220 kW power option, these include the S sports suspension and 3-zone automatic comfort air conditioning. Those who opt for the 270 kW power version will receive the LED headlights plus and LED rear lights pro as standard. The MMI experience plus infotainment system, which also comes as standard, is equipped with the Audi Application Store, a smartphone interface, and the Audi sound system. The S line interior package with sports seats in a leather\/artificial leather combination in black as well as 19-inch ten-arm light-alloy aero wheels and red-painted brake calipers are included as standard. One especially practical feature is the fully adjustable rear seat bench plus. It can be moved lengthwise, and its angle can be adjusted as well.&nbsp;<\/p>\n\n\n\n<p>The&nbsp;Audi&nbsp;Q5 SUV e-hybrid&nbsp;quattro<sup>1<\/sup>&nbsp;with 220 kW system output&nbsp;is available&nbsp;in Germany starting at&nbsp;63,400 euros. The price of the&nbsp;Audi Q5 Sportback e-hybrid&nbsp;quattro<sup>3<\/sup>&nbsp;starts at&nbsp;65,900 euros. The&nbsp;SUV<sup>2<\/sup>&nbsp;version with 270 kW system output&nbsp;starts at&nbsp;71,800 euros. Prices for the&nbsp;Q5 Sportback e-hybrid&nbsp;quattro<sup>4<\/sup>&nbsp;with the higher power option start at&nbsp;74,300 euros. Produced in San Jos\u00e9 Chiapa in Mexico, the new PHEV models will be&nbsp;available to order in Europe starting in mid-June 2025. The initial launch is planned for the third quarter.<\/p>\n\n\n\n<p>DETAILED<strong> INFORMATION<\/strong><\/p>\n\n\n\n<p><strong>Upgraded standard equipment for SUV and Sportback<\/strong><\/p>\n\n\n\n<p>Like the combustion-engine models, the Audi Q5 e-hybrid models have also significantly improved key attributes and offer a comfortable feeling of space \u2013 something that people notice right from the moment they get into the car.<\/p>\n\n\n\n<p>The fully adjustable rear seat bench plus is part of the standard equipment of the plug-in hybrid models. It can be moved lengthwise and its angle tilted, increasing the trunk volume or comfort for rear passengers as required. At the same time, the rear bench seats three people comfortably. The SUV has a trunk volume of 438 liters (15.5 cu ft). The Sportback offers 433 liters (15.3 cu ft) of storage space. With the rear seats folded down, the transport volume increases to up to 1,358 liters (48 cu ft) in the SUV and 1,300 liters (45.9 cu ft) in the Sportback.<\/p>\n\n\n\n<p>Other practical features include a larger storage compartment under the center armrest compared to the previous model and numerous smaller storage areas for sunglasses, keys, and other everyday items, a cooled inductive charging tray with 15 watts of charging power in the front center console as well as two USB-C ports in the front and two in the rear. Available as an option, the USB ports in the front support charging capacities of up to 60 watts; the rear ports even support charging capacities of up to 100 watts. This means that larger devices such as laptops can be safely powered and charged while driving.&nbsp;<\/p>\n\n\n\n<p>The upgraded standard equipment in the 220 kW power variant includes the S sports suspension and 3-zone automatic comfort air conditioning. Those who opt for the 270 kW variant will receive the LED headlights plus and LED rear lights pro as standard. The MMI experience plus infotainment system is equipped with the Audi Application Store, a smartphone interface, and Audi sound system. The S interior package with sports seats in a leather\/artificial leather combination in black is also included as standard, as are 19-inch ten-arm light-alloy aero wheels and red-painted brake calipers.<\/p>\n\n\n\n<p><strong>Intelligent drive management for greater efficiency<\/strong><\/p>\n\n\n\n<p>The hybrid management system of the new models is designed for efficiency, flexibility, and maximum customer comfort and automatically selects the optimal operating strategy. The electric drive is provided by a permanently excited synchronous motor with a peak output of 105 kW. The electric motor is integrated into the housing of the seven-speed S&nbsp;tronic. The full system torque is available even at close to idle speed \u2013 500 Nm with 270 kW system output<sup>2<\/sup><sup>4<\/sup>&nbsp;and 450 Nm for the 220 kW power variant<sup>1<\/sup><sup>3<\/sup>.&nbsp;<br><br>The power electronics (pulse inverter) used in the plug-in hybrid models of the Q5 are a new development. The pulse inverter is smaller, lighter, and more efficient, thus reducing electrical consumption. Consumption in hybrid mode is therefore also lower.<\/p>\n\n\n\n<p><strong>Battery capacity and energy density significantly increased<\/strong><\/p>\n\n\n\n<p>The heart of the new Q5 plug-in hybrids is the new high-voltage battery (HV battery) at the rear of the vehicle. Audi has boosted its capacity to 25.9 kWh (net 20.7 kWh), roughly 45 percent more than its predecessor. The HV battery is 517 \u00d7 880 \u00d7 302 millimeters (20.4 \u00d7 34.6 \u00d7 11.9 in) in size for the best possible integration into the available installation space. The further developed and significantly optimized interaction between the mechanical friction brake and energy recovery via the electric motor has also increased regenerative braking performance.&nbsp;<\/p>\n\n\n\n<p>The battery cells for the Q5 SUV e-hybrid&nbsp;quattro<sup>1<\/sup><sup>2<\/sup>&nbsp;and Q5 Sportback e-hybrid&nbsp;quattro<sup>3<\/sup><sup>4<\/sup>&nbsp;are arranged on two levels due to the available space and are integrated into the rear section of the car. Each prismatic cell stores approximately 46 percent more energy than the cells previously used in high-floor vehicles in the C segment. Each cell has a charge capacity of 70 ampere-hours (Ah). The raw material composition of the 102 cells enables a higher energy density. Six stacks with 17 cells each form a unit and are connected in series.<\/p>\n\n\n\n<p>As far as the arrangement of the battery cells is concerned, Audi is pursuing a new approach with cell-to-pack. In this process, the cells are no longer placed in a battery module but are glued directly into the battery housing. The higher packing density means that the energy content and energy density of the HV system can be increased while taking up less space. Thanks to technical developments in cell chemistry, higher electrical output is available compared to the previous generation, even at a low state of charge and low outside temperatures.&nbsp;<\/p>\n\n\n\n<p>The maximum possible AC charging power has been increased from two-phase 7.4 kW to three-phase 11 kW, depending on the respective infrastructure. With this increase, the HV battery\u2019s zero-to-100-percent charging time has been reduced to just 2.5 hours. A charging cable (mode 3, plug type 2) for convenient charging at home and on the road is included as standard. Audi\u2019s own charging service,&nbsp;Audi charging, provides access to numerous AC charging points in 28 European countries on request.<\/p>\n\n\n\n<p><strong>More energy recovery in overrun and braking mode<\/strong><\/p>\n\n\n\n<p>Compared to the previous generation of PHEVs, Audi has significantly increased regenerative braking performance. The PHEV model fundamentally tries to drive on electric power for as long as possible and to fully utilize the available battery charge en route to the destination. The phases in which the driver takes their foot off the accelerator pedal are crucial for the efficiency of the plug-in hybrid drive. In such situations, overrun recuperation is controlled via a defined deceleration depending on the selected drive level. Automatic recuperation can also be preset in the MMI in driving levels D and M; the vehicle then varies the recuperation automatically.&nbsp;<\/p>\n\n\n\n<p>The parameters for this are route data stored in the navigation system such as gradients, curve radii, town signs, and speed limits. Another important factor is the traffic ahead. As soon as automatic regenerative braking is selected, predictive signals are fed into the overrun regenerative braking function with the help of Predictive Efficiency Assistant (PEA). The new Q5 e-hybrid can also recover energy automatically without active route guidance.<\/p>\n\n\n\n<p>When the brake pedal is pressed during deceleration, the Q5 SUV e-hybrid&nbsp;&nbsp;quattro<sup>1<\/sup><sup>2<\/sup>&nbsp;and Q5 Sportback e-hybrid&nbsp;quattro<sup>3<\/sup><sup>4<\/sup>&nbsp;can recover up to 88 kW of power and feed it into the HV battery. When operated as a generator, the electric motor accounts for more than 90 percent of all deceleration processes. The integrated brake control system with blending capability (iBRS) ensures pressure-free braking and the best possible energy recovery. The hydraulic wheel brakes are only used for harder braking maneuvers. This has no effect on the braking feel for the driver, as the brake pedal and brake hydraulics are decoupled.<\/p>\n\n\n\n<p><strong>Recuperation level adjustable via steering-wheel paddles<\/strong><\/p>\n\n\n\n<p>Thanks to the new E<sup>3<\/sup>&nbsp;electronics architecture used in the Premium Platform Combustion (PPC), the degree of thrust recuperation in electric driving mode (EV mode) can be adjusted to three different levels using paddles on the steering wheel, just like in the all-electric models. Electric braking and thus the recuperation level are selected using the left paddle (minus). The right paddle (plus) can be used to reduce the recuperation level. The paddles can thereby be used to set a higher level of deceleration before a turn, for example. At level zero, the plug-in hybrid coasts freely without additional drag torque when the foot is taken off the accelerator pedal. With this setting, energy is only recovered when the brake is applied.<\/p>\n\n\n\n<p><strong>Intelligent operating strategy for maximum efficiency<\/strong><\/p>\n\n\n\n<p>Two operating modes are available in the new Q5 PHEV models: \u201cEV\u201d and \u201chybrid.\u201d In EV mode, the PHEV models run exclusively on electric power. The combustion engine is only switched on in the following situations: by deliberately deselecting EV in the switch bar below the panoramic display or via the MMI; in driving program S; via the selected mode of the Audi drive select dynamic handling system; or when starting route guidance with hybrid assist activated. If navigation route guidance is activated, the hybrid assistant takes the route data into account when selecting the drive mode. The combustion engine also engages during kickdown, and EV mode is deactivated until the kickdown action is over. If none of these situations occur, the new PHEV models use the HV battery in EV mode until it is completely discharged. The digital slider used to control the desired state of charge via the MMI in hybrid mode cannot be operated in EV mode; that is because the battery charge will be fully utilized in electric mode. EV mode enables speeds up to 140&nbsp;km\/h. The PHEV models can be started either in EV mode or in hybrid mode. The mode used last is the default mode for when the vehicle is started next.&nbsp;<\/p>\n\n\n\n<p>When driving in hybrid mode, the hybrid management system maintains a specific charge level as needed in order to save enough electrical energy for later use, for example for electric driving in the city. The Q5 e-hybrid&nbsp;can drive up to 113 km (70.2 mi) on electric power alone according to the WLTP EAER City value.&nbsp;<\/p>\n\n\n\n<p>When it comes to efficiency-optimized consumption, hybrid mode is most efficient for both short and long distances. Depending on the driving situation and the driver\u2019s power needs, the operating strategy decides whether to drive in electric or hybrid mode in order to be as efficient as possible. The PHEV model prefers to drive electrically in urban areas. At higher speeds, the proportion of hybrid driving increases. With active route guidance, the operating strategy takes the planned route into consideration. The operating strategy then automatically selects the best possible energy configuration for the desired route. To achieve the highest efficiency, the vehicle calculates which parts of the route are suitable for electric driving. For example, electric driving is preferable where speeds are likely to be low, such as in urban areas and traffic jams. When the hybrid assistant is activated and route guidance is on, settings such as the desired charge level will be overwritten to ensure an efficient operating strategy.<\/p>\n\n\n\n<p>On top of the automatic hybrid mode, the desired charge level can now be individually set for the first time using a digital slider. Drivers can use it to precisely define how high the charge level of the HV battery should be. The charge level can also be set before your trip, so that there will be enough energy available for electric driving at the destination if so desired, or if there is no charging option there. The desired charge level can be set using a digital slider on a percentage scale. If the target state of charge (SoC) is lower than the current SoC, the battery will be discharged down to the target level. If the target and current values match, power will mainly come from the combustion engine \u2013 in order to maintain the current SoC. If the target SoC is higher than the current SoC, the vehicle will be powered by the combustion engine \u2013 in order to recharge the battery. The battery is charged with a view to maximizing efficiency and minimizing environmental impact. This means that the combustion engine only charges the battery at speeds above 65 kilometers per hour (40 mph); at low speeds, the charge level is simply maintained. This maximizes efficiency and enables partially electric driving in the city or in stop-and-go traffic. The HV battery can be charged in this way up to a 75-percent state of charge. This ensures that the battery is charged with maximum efficiency while driving. To increase the battery\u2019s charge above 75 percent, an external AC charging source is required.<\/p>\n","protected":false},"excerpt":{"rendered":"<p>What:\u00a0Q5 e-hybrid SUVModel Family:\u00a0Q5Market \/ Zone: EUYear: 2025 to currentNumber Produced:\u00a0N\/AModel \/ Generation Code(s): B10, type GUChassis \/ Matrix: PPCEngine:\u00a02.0 TFSITotal Power Output: 220 kW and 270 kWHorsepower: 25.9 kWh (net 20.7 kWh)Electric Power: 105 kWPeak Torque: 270 kW and 500 Nm (270 kW version)Battery Capacity: 25.9 kWh (net 20.7 kWh)Charging Capacity: 11 kWElectric Range: 100 kmAcceleration (0-100 km \/ 62 mph: 0 to 100 km\/h in 5.1 seconds (270 kW version) WHEEL \/ TIRE&nbsp;DETAILS Wheel Diameter(s):Tire Size(s):Bolt Pattern:Offset: Summary: [&hellip;]<\/p>\n","protected":false},"author":2,"featured_media":1717,"comment_status":"open","ping_status":"open","sticky":false,"template":"","format":"standard","meta":{"footnotes":""},"categories":[148,5],"tags":[50,57,85,196,58,63,198,199,91],"class_list":["post-1707","post","type-post","status-publish","format-standard","has-post-thumbnail","hentry","category-hybrids","category-road-cars","tag-50","tag-b10","tag-hybrid","tag-my2026","tag-ppc","tag-q5","tag-q5-e-hybrid","tag-suv","tag-type-gu"],"yoast_head":"<!-- This site is optimized with the Yoast SEO plugin v27.5 - https:\/\/yoast.com\/product\/yoast-seo-wordpress\/ -->\n<title>Audi Q5 SUV e-hybrid quattro - EU \ud83c\uddea\ud83c\uddfa (B10, from 2025) - oooo411 Audi Reference<\/title>\n<meta name=\"robots\" content=\"index, follow, max-snippet:-1, max-image-preview:large, max-video-preview:-1\" \/>\n<link rel=\"canonical\" href=\"https:\/\/ooooiykyk.com\/audiarchives\/2025\/06\/11\/audi-q5-suv-e-hybrid-quattro-eu-\ud83c\uddea\ud83c\uddfa-b10-from-2025\/\" \/>\n<meta property=\"og:locale\" content=\"en_US\" \/>\n<meta property=\"og:type\" content=\"article\" \/>\n<meta property=\"og:title\" content=\"Audi Q5 SUV e-hybrid quattro - EU \ud83c\uddea\ud83c\uddfa (B10, from 2025) - oooo411 Audi Reference\" \/>\n<meta property=\"og:description\" content=\"What:\u00a0Q5 e-hybrid SUVModel Family:\u00a0Q5Market \/ Zone: EUYear: 2025 to currentNumber Produced:\u00a0N\/AModel \/ Generation Code(s): B10, type GUChassis \/ Matrix: PPCEngine:\u00a02.0 TFSITotal Power Output: 220 kW and 270 kWHorsepower: 25.9 kWh (net 20.7 kWh)Electric Power: 105 kWPeak Torque: 270 kW and 500 Nm (270 kW version)Battery Capacity: 25.9 kWh (net 20.7 kWh)Charging Capacity: 11 kWElectric Range: 100 kmAcceleration (0-100 km \/ 62 mph: 0 to 100 km\/h in 5.1 seconds (270 kW version) WHEEL \/ TIRE&nbsp;DETAILS Wheel Diameter(s):Tire Size(s):Bolt Pattern:Offset: Summary: [&hellip;]\" \/>\n<meta property=\"og:url\" content=\"https:\/\/ooooiykyk.com\/audiarchives\/2025\/06\/11\/audi-q5-suv-e-hybrid-quattro-eu-\ud83c\uddea\ud83c\uddfa-b10-from-2025\/\" \/>\n<meta property=\"og:site_name\" content=\"oooo411 Audi Reference\" \/>\n<meta property=\"article:published_time\" content=\"2025-06-11T18:16:24+00:00\" \/>\n<meta property=\"article:modified_time\" content=\"2025-06-18T20:04:17+00:00\" \/>\n<meta property=\"og:image\" content=\"https:\/\/ooooiykyk.com\/audiarchives\/wp-content\/uploads\/sites\/2\/2025\/06\/Audi-Q5-e-hybrid-SUV-571.jpg\" \/>\n\t<meta property=\"og:image:width\" content=\"2000\" \/>\n\t<meta property=\"og:image:height\" content=\"1250\" \/>\n\t<meta property=\"og:image:type\" content=\"image\/jpeg\" \/>\n<meta name=\"author\" content=\"georgeachorn\" \/>\n<meta name=\"twitter:card\" content=\"summary_large_image\" \/>\n<meta name=\"twitter:label1\" content=\"Written by\" \/>\n\t<meta name=\"twitter:data1\" content=\"georgeachorn\" \/>\n\t<meta name=\"twitter:label2\" content=\"Est. reading time\" \/>\n\t<meta name=\"twitter:data2\" content=\"14 minutes\" \/>\n<script type=\"application\/ld+json\" class=\"yoast-schema-graph\">{\"@context\":\"https:\\\/\\\/schema.org\",\"@graph\":[{\"@type\":\"Article\",\"@id\":\"https:\\\/\\\/ooooiykyk.com\\\/audiarchives\\\/2025\\\/06\\\/11\\\/audi-q5-suv-e-hybrid-quattro-eu-%f0%9f%87%aa%f0%9f%87%ba-b10-from-2025\\\/#article\",\"isPartOf\":{\"@id\":\"https:\\\/\\\/ooooiykyk.com\\\/audiarchives\\\/2025\\\/06\\\/11\\\/audi-q5-suv-e-hybrid-quattro-eu-%f0%9f%87%aa%f0%9f%87%ba-b10-from-2025\\\/\"},\"author\":{\"name\":\"georgeachorn\",\"@id\":\"https:\\\/\\\/ooooiykyk.com\\\/audiarchives\\\/#\\\/schema\\\/person\\\/130f277be59b62a0ee49e51a09e0efcd\"},\"headline\":\"Audi Q5 SUV e-hybrid quattro &#8211; EU \ud83c\uddea\ud83c\uddfa (B10, from 2025)\",\"datePublished\":\"2025-06-11T18:16:24+00:00\",\"dateModified\":\"2025-06-18T20:04:17+00:00\",\"mainEntityOfPage\":{\"@id\":\"https:\\\/\\\/ooooiykyk.com\\\/audiarchives\\\/2025\\\/06\\\/11\\\/audi-q5-suv-e-hybrid-quattro-eu-%f0%9f%87%aa%f0%9f%87%ba-b10-from-2025\\\/\"},\"wordCount\":2906,\"commentCount\":1,\"image\":{\"@id\":\"https:\\\/\\\/ooooiykyk.com\\\/audiarchives\\\/2025\\\/06\\\/11\\\/audi-q5-suv-e-hybrid-quattro-eu-%f0%9f%87%aa%f0%9f%87%ba-b10-from-2025\\\/#primaryimage\"},\"thumbnailUrl\":\"https:\\\/\\\/ooooiykyk.com\\\/audiarchives\\\/wp-content\\\/uploads\\\/sites\\\/2\\\/2025\\\/06\\\/Audi-Q5-e-hybrid-SUV-571.jpg\",\"keywords\":[\"2025\",\"B10\",\"hybrid\",\"MY2026\",\"PPC\",\"Q5\",\"Q5 e-hybrid\",\"SUV\",\"type GU\"],\"articleSection\":[\"Hybrids\",\"Road Cars\"],\"inLanguage\":\"en-US\",\"potentialAction\":[{\"@type\":\"CommentAction\",\"name\":\"Comment\",\"target\":[\"https:\\\/\\\/ooooiykyk.com\\\/audiarchives\\\/2025\\\/06\\\/11\\\/audi-q5-suv-e-hybrid-quattro-eu-%f0%9f%87%aa%f0%9f%87%ba-b10-from-2025\\\/#respond\"]}]},{\"@type\":\"WebPage\",\"@id\":\"https:\\\/\\\/ooooiykyk.com\\\/audiarchives\\\/2025\\\/06\\\/11\\\/audi-q5-suv-e-hybrid-quattro-eu-%f0%9f%87%aa%f0%9f%87%ba-b10-from-2025\\\/\",\"url\":\"https:\\\/\\\/ooooiykyk.com\\\/audiarchives\\\/2025\\\/06\\\/11\\\/audi-q5-suv-e-hybrid-quattro-eu-%f0%9f%87%aa%f0%9f%87%ba-b10-from-2025\\\/\",\"name\":\"Audi Q5 SUV e-hybrid quattro - EU \ud83c\uddea\ud83c\uddfa (B10, from 2025) - oooo411 Audi Reference\",\"isPartOf\":{\"@id\":\"https:\\\/\\\/ooooiykyk.com\\\/audiarchives\\\/#website\"},\"primaryImageOfPage\":{\"@id\":\"https:\\\/\\\/ooooiykyk.com\\\/audiarchives\\\/2025\\\/06\\\/11\\\/audi-q5-suv-e-hybrid-quattro-eu-%f0%9f%87%aa%f0%9f%87%ba-b10-from-2025\\\/#primaryimage\"},\"image\":{\"@id\":\"https:\\\/\\\/ooooiykyk.com\\\/audiarchives\\\/2025\\\/06\\\/11\\\/audi-q5-suv-e-hybrid-quattro-eu-%f0%9f%87%aa%f0%9f%87%ba-b10-from-2025\\\/#primaryimage\"},\"thumbnailUrl\":\"https:\\\/\\\/ooooiykyk.com\\\/audiarchives\\\/wp-content\\\/uploads\\\/sites\\\/2\\\/2025\\\/06\\\/Audi-Q5-e-hybrid-SUV-571.jpg\",\"datePublished\":\"2025-06-11T18:16:24+00:00\",\"dateModified\":\"2025-06-18T20:04:17+00:00\",\"author\":{\"@id\":\"https:\\\/\\\/ooooiykyk.com\\\/audiarchives\\\/#\\\/schema\\\/person\\\/130f277be59b62a0ee49e51a09e0efcd\"},\"breadcrumb\":{\"@id\":\"https:\\\/\\\/ooooiykyk.com\\\/audiarchives\\\/2025\\\/06\\\/11\\\/audi-q5-suv-e-hybrid-quattro-eu-%f0%9f%87%aa%f0%9f%87%ba-b10-from-2025\\\/#breadcrumb\"},\"inLanguage\":\"en-US\",\"potentialAction\":[{\"@type\":\"ReadAction\",\"target\":[\"https:\\\/\\\/ooooiykyk.com\\\/audiarchives\\\/2025\\\/06\\\/11\\\/audi-q5-suv-e-hybrid-quattro-eu-%f0%9f%87%aa%f0%9f%87%ba-b10-from-2025\\\/\"]}]},{\"@type\":\"ImageObject\",\"inLanguage\":\"en-US\",\"@id\":\"https:\\\/\\\/ooooiykyk.com\\\/audiarchives\\\/2025\\\/06\\\/11\\\/audi-q5-suv-e-hybrid-quattro-eu-%f0%9f%87%aa%f0%9f%87%ba-b10-from-2025\\\/#primaryimage\",\"url\":\"https:\\\/\\\/ooooiykyk.com\\\/audiarchives\\\/wp-content\\\/uploads\\\/sites\\\/2\\\/2025\\\/06\\\/Audi-Q5-e-hybrid-SUV-571.jpg\",\"contentUrl\":\"https:\\\/\\\/ooooiykyk.com\\\/audiarchives\\\/wp-content\\\/uploads\\\/sites\\\/2\\\/2025\\\/06\\\/Audi-Q5-e-hybrid-SUV-571.jpg\",\"width\":2000,\"height\":1250},{\"@type\":\"BreadcrumbList\",\"@id\":\"https:\\\/\\\/ooooiykyk.com\\\/audiarchives\\\/2025\\\/06\\\/11\\\/audi-q5-suv-e-hybrid-quattro-eu-%f0%9f%87%aa%f0%9f%87%ba-b10-from-2025\\\/#breadcrumb\",\"itemListElement\":[{\"@type\":\"ListItem\",\"position\":1,\"name\":\"Home\",\"item\":\"https:\\\/\\\/ooooiykyk.com\\\/audiarchives\\\/\"},{\"@type\":\"ListItem\",\"position\":2,\"name\":\"Audi Q5 SUV e-hybrid quattro &#8211; EU \ud83c\uddea\ud83c\uddfa (B10, from 2025)\"}]},{\"@type\":\"WebSite\",\"@id\":\"https:\\\/\\\/ooooiykyk.com\\\/audiarchives\\\/#website\",\"url\":\"https:\\\/\\\/ooooiykyk.com\\\/audiarchives\\\/\",\"name\":\"oooo411 Audi Reference\",\"description\":\"The oooo411 Audi Archives by ooooIYKYK\",\"potentialAction\":[{\"@type\":\"SearchAction\",\"target\":{\"@type\":\"EntryPoint\",\"urlTemplate\":\"https:\\\/\\\/ooooiykyk.com\\\/audiarchives\\\/?s={search_term_string}\"},\"query-input\":{\"@type\":\"PropertyValueSpecification\",\"valueRequired\":true,\"valueName\":\"search_term_string\"}}],\"inLanguage\":\"en-US\"},{\"@type\":\"Person\",\"@id\":\"https:\\\/\\\/ooooiykyk.com\\\/audiarchives\\\/#\\\/schema\\\/person\\\/130f277be59b62a0ee49e51a09e0efcd\",\"name\":\"georgeachorn\",\"image\":{\"@type\":\"ImageObject\",\"inLanguage\":\"en-US\",\"@id\":\"https:\\\/\\\/secure.gravatar.com\\\/avatar\\\/b6322670f810a641a921e7cb32311b55be881e37ed8fb867f643242c636b2b44?s=96&d=mm&r=g\",\"url\":\"https:\\\/\\\/secure.gravatar.com\\\/avatar\\\/b6322670f810a641a921e7cb32311b55be881e37ed8fb867f643242c636b2b44?s=96&d=mm&r=g\",\"contentUrl\":\"https:\\\/\\\/secure.gravatar.com\\\/avatar\\\/b6322670f810a641a921e7cb32311b55be881e37ed8fb867f643242c636b2b44?s=96&d=mm&r=g\",\"caption\":\"georgeachorn\"},\"url\":\"https:\\\/\\\/ooooiykyk.com\\\/audiarchives\\\/author\\\/georgeachorn\\\/\"}]}<\/script>\n<!-- \/ Yoast SEO plugin. -->","yoast_head_json":{"title":"Audi Q5 SUV e-hybrid quattro - EU \ud83c\uddea\ud83c\uddfa (B10, from 2025) - oooo411 Audi Reference","robots":{"index":"index","follow":"follow","max-snippet":"max-snippet:-1","max-image-preview":"max-image-preview:large","max-video-preview":"max-video-preview:-1"},"canonical":"https:\/\/ooooiykyk.com\/audiarchives\/2025\/06\/11\/audi-q5-suv-e-hybrid-quattro-eu-\ud83c\uddea\ud83c\uddfa-b10-from-2025\/","og_locale":"en_US","og_type":"article","og_title":"Audi Q5 SUV e-hybrid quattro - EU \ud83c\uddea\ud83c\uddfa (B10, from 2025) - oooo411 Audi Reference","og_description":"What:\u00a0Q5 e-hybrid SUVModel Family:\u00a0Q5Market \/ Zone: EUYear: 2025 to currentNumber Produced:\u00a0N\/AModel \/ Generation Code(s): B10, type GUChassis \/ Matrix: PPCEngine:\u00a02.0 TFSITotal Power Output: 220 kW and 270 kWHorsepower: 25.9 kWh (net 20.7 kWh)Electric Power: 105 kWPeak Torque: 270 kW and 500 Nm (270 kW version)Battery Capacity: 25.9 kWh (net 20.7 kWh)Charging Capacity: 11 kWElectric Range: 100 kmAcceleration (0-100 km \/ 62 mph: 0 to 100 km\/h in 5.1 seconds (270 kW version) WHEEL \/ TIRE&nbsp;DETAILS Wheel Diameter(s):Tire Size(s):Bolt Pattern:Offset: Summary: [&hellip;]","og_url":"https:\/\/ooooiykyk.com\/audiarchives\/2025\/06\/11\/audi-q5-suv-e-hybrid-quattro-eu-\ud83c\uddea\ud83c\uddfa-b10-from-2025\/","og_site_name":"oooo411 Audi Reference","article_published_time":"2025-06-11T18:16:24+00:00","article_modified_time":"2025-06-18T20:04:17+00:00","og_image":[{"width":2000,"height":1250,"url":"https:\/\/ooooiykyk.com\/audiarchives\/wp-content\/uploads\/sites\/2\/2025\/06\/Audi-Q5-e-hybrid-SUV-571.jpg","type":"image\/jpeg"}],"author":"georgeachorn","twitter_card":"summary_large_image","twitter_misc":{"Written by":"georgeachorn","Est. reading time":"14 minutes"},"schema":{"@context":"https:\/\/schema.org","@graph":[{"@type":"Article","@id":"https:\/\/ooooiykyk.com\/audiarchives\/2025\/06\/11\/audi-q5-suv-e-hybrid-quattro-eu-%f0%9f%87%aa%f0%9f%87%ba-b10-from-2025\/#article","isPartOf":{"@id":"https:\/\/ooooiykyk.com\/audiarchives\/2025\/06\/11\/audi-q5-suv-e-hybrid-quattro-eu-%f0%9f%87%aa%f0%9f%87%ba-b10-from-2025\/"},"author":{"name":"georgeachorn","@id":"https:\/\/ooooiykyk.com\/audiarchives\/#\/schema\/person\/130f277be59b62a0ee49e51a09e0efcd"},"headline":"Audi Q5 SUV e-hybrid quattro &#8211; EU \ud83c\uddea\ud83c\uddfa (B10, from 2025)","datePublished":"2025-06-11T18:16:24+00:00","dateModified":"2025-06-18T20:04:17+00:00","mainEntityOfPage":{"@id":"https:\/\/ooooiykyk.com\/audiarchives\/2025\/06\/11\/audi-q5-suv-e-hybrid-quattro-eu-%f0%9f%87%aa%f0%9f%87%ba-b10-from-2025\/"},"wordCount":2906,"commentCount":1,"image":{"@id":"https:\/\/ooooiykyk.com\/audiarchives\/2025\/06\/11\/audi-q5-suv-e-hybrid-quattro-eu-%f0%9f%87%aa%f0%9f%87%ba-b10-from-2025\/#primaryimage"},"thumbnailUrl":"https:\/\/ooooiykyk.com\/audiarchives\/wp-content\/uploads\/sites\/2\/2025\/06\/Audi-Q5-e-hybrid-SUV-571.jpg","keywords":["2025","B10","hybrid","MY2026","PPC","Q5","Q5 e-hybrid","SUV","type GU"],"articleSection":["Hybrids","Road Cars"],"inLanguage":"en-US","potentialAction":[{"@type":"CommentAction","name":"Comment","target":["https:\/\/ooooiykyk.com\/audiarchives\/2025\/06\/11\/audi-q5-suv-e-hybrid-quattro-eu-%f0%9f%87%aa%f0%9f%87%ba-b10-from-2025\/#respond"]}]},{"@type":"WebPage","@id":"https:\/\/ooooiykyk.com\/audiarchives\/2025\/06\/11\/audi-q5-suv-e-hybrid-quattro-eu-%f0%9f%87%aa%f0%9f%87%ba-b10-from-2025\/","url":"https:\/\/ooooiykyk.com\/audiarchives\/2025\/06\/11\/audi-q5-suv-e-hybrid-quattro-eu-%f0%9f%87%aa%f0%9f%87%ba-b10-from-2025\/","name":"Audi Q5 SUV e-hybrid quattro - EU \ud83c\uddea\ud83c\uddfa (B10, from 2025) - oooo411 Audi Reference","isPartOf":{"@id":"https:\/\/ooooiykyk.com\/audiarchives\/#website"},"primaryImageOfPage":{"@id":"https:\/\/ooooiykyk.com\/audiarchives\/2025\/06\/11\/audi-q5-suv-e-hybrid-quattro-eu-%f0%9f%87%aa%f0%9f%87%ba-b10-from-2025\/#primaryimage"},"image":{"@id":"https:\/\/ooooiykyk.com\/audiarchives\/2025\/06\/11\/audi-q5-suv-e-hybrid-quattro-eu-%f0%9f%87%aa%f0%9f%87%ba-b10-from-2025\/#primaryimage"},"thumbnailUrl":"https:\/\/ooooiykyk.com\/audiarchives\/wp-content\/uploads\/sites\/2\/2025\/06\/Audi-Q5-e-hybrid-SUV-571.jpg","datePublished":"2025-06-11T18:16:24+00:00","dateModified":"2025-06-18T20:04:17+00:00","author":{"@id":"https:\/\/ooooiykyk.com\/audiarchives\/#\/schema\/person\/130f277be59b62a0ee49e51a09e0efcd"},"breadcrumb":{"@id":"https:\/\/ooooiykyk.com\/audiarchives\/2025\/06\/11\/audi-q5-suv-e-hybrid-quattro-eu-%f0%9f%87%aa%f0%9f%87%ba-b10-from-2025\/#breadcrumb"},"inLanguage":"en-US","potentialAction":[{"@type":"ReadAction","target":["https:\/\/ooooiykyk.com\/audiarchives\/2025\/06\/11\/audi-q5-suv-e-hybrid-quattro-eu-%f0%9f%87%aa%f0%9f%87%ba-b10-from-2025\/"]}]},{"@type":"ImageObject","inLanguage":"en-US","@id":"https:\/\/ooooiykyk.com\/audiarchives\/2025\/06\/11\/audi-q5-suv-e-hybrid-quattro-eu-%f0%9f%87%aa%f0%9f%87%ba-b10-from-2025\/#primaryimage","url":"https:\/\/ooooiykyk.com\/audiarchives\/wp-content\/uploads\/sites\/2\/2025\/06\/Audi-Q5-e-hybrid-SUV-571.jpg","contentUrl":"https:\/\/ooooiykyk.com\/audiarchives\/wp-content\/uploads\/sites\/2\/2025\/06\/Audi-Q5-e-hybrid-SUV-571.jpg","width":2000,"height":1250},{"@type":"BreadcrumbList","@id":"https:\/\/ooooiykyk.com\/audiarchives\/2025\/06\/11\/audi-q5-suv-e-hybrid-quattro-eu-%f0%9f%87%aa%f0%9f%87%ba-b10-from-2025\/#breadcrumb","itemListElement":[{"@type":"ListItem","position":1,"name":"Home","item":"https:\/\/ooooiykyk.com\/audiarchives\/"},{"@type":"ListItem","position":2,"name":"Audi Q5 SUV e-hybrid quattro &#8211; EU \ud83c\uddea\ud83c\uddfa (B10, from 2025)"}]},{"@type":"WebSite","@id":"https:\/\/ooooiykyk.com\/audiarchives\/#website","url":"https:\/\/ooooiykyk.com\/audiarchives\/","name":"oooo411 Audi Reference","description":"The oooo411 Audi Archives by ooooIYKYK","potentialAction":[{"@type":"SearchAction","target":{"@type":"EntryPoint","urlTemplate":"https:\/\/ooooiykyk.com\/audiarchives\/?s={search_term_string}"},"query-input":{"@type":"PropertyValueSpecification","valueRequired":true,"valueName":"search_term_string"}}],"inLanguage":"en-US"},{"@type":"Person","@id":"https:\/\/ooooiykyk.com\/audiarchives\/#\/schema\/person\/130f277be59b62a0ee49e51a09e0efcd","name":"georgeachorn","image":{"@type":"ImageObject","inLanguage":"en-US","@id":"https:\/\/secure.gravatar.com\/avatar\/b6322670f810a641a921e7cb32311b55be881e37ed8fb867f643242c636b2b44?s=96&d=mm&r=g","url":"https:\/\/secure.gravatar.com\/avatar\/b6322670f810a641a921e7cb32311b55be881e37ed8fb867f643242c636b2b44?s=96&d=mm&r=g","contentUrl":"https:\/\/secure.gravatar.com\/avatar\/b6322670f810a641a921e7cb32311b55be881e37ed8fb867f643242c636b2b44?s=96&d=mm&r=g","caption":"georgeachorn"},"url":"https:\/\/ooooiykyk.com\/audiarchives\/author\/georgeachorn\/"}]}},"_links":{"self":[{"href":"https:\/\/ooooiykyk.com\/audiarchives\/wp-json\/wp\/v2\/posts\/1707","targetHints":{"allow":["GET"]}}],"collection":[{"href":"https:\/\/ooooiykyk.com\/audiarchives\/wp-json\/wp\/v2\/posts"}],"about":[{"href":"https:\/\/ooooiykyk.com\/audiarchives\/wp-json\/wp\/v2\/types\/post"}],"author":[{"embeddable":true,"href":"https:\/\/ooooiykyk.com\/audiarchives\/wp-json\/wp\/v2\/users\/2"}],"replies":[{"embeddable":true,"href":"https:\/\/ooooiykyk.com\/audiarchives\/wp-json\/wp\/v2\/comments?post=1707"}],"version-history":[{"count":2,"href":"https:\/\/ooooiykyk.com\/audiarchives\/wp-json\/wp\/v2\/posts\/1707\/revisions"}],"predecessor-version":[{"id":1733,"href":"https:\/\/ooooiykyk.com\/audiarchives\/wp-json\/wp\/v2\/posts\/1707\/revisions\/1733"}],"wp:featuredmedia":[{"embeddable":true,"href":"https:\/\/ooooiykyk.com\/audiarchives\/wp-json\/wp\/v2\/media\/1717"}],"wp:attachment":[{"href":"https:\/\/ooooiykyk.com\/audiarchives\/wp-json\/wp\/v2\/media?parent=1707"}],"wp:term":[{"taxonomy":"category","embeddable":true,"href":"https:\/\/ooooiykyk.com\/audiarchives\/wp-json\/wp\/v2\/categories?post=1707"},{"taxonomy":"post_tag","embeddable":true,"href":"https:\/\/ooooiykyk.com\/audiarchives\/wp-json\/wp\/v2\/tags?post=1707"}],"curies":[{"name":"wp","href":"https:\/\/api.w.org\/{rel}","templated":true}]}}